{"id":58997,"date":"2020-03-13T10:22:13","date_gmt":"2020-03-13T13:22:13","guid":{"rendered":"https:\/\/www.actualidadadiario.com\/?p=58997"},"modified":"2020-03-13T10:22:13","modified_gmt":"2020-03-13T13:22:13","slug":"iniciativa-en-diputados-para-alojar-temporalmente-en-casas-a-victimas-de-violencia-de-genero","status":"publish","type":"post","link":"https:\/\/www.actualidadadiario.com\/index.php\/2020\/03\/13\/iniciativa-en-diputados-para-alojar-temporalmente-en-casas-a-victimas-de-violencia-de-genero\/","title":{"rendered":"Iniciativa en Diputados para alojar temporalmente en casas a v\u00edctimas de violencia de g\u00e9nero"},"content":{"rendered":"<p style=\"text-align: center;\"><em><strong>Un proyecto de ley en tr\u00e1mite en la c\u00e1mara de Diputados de la provincia busca establecer un mecanismo de reserva en los planes del IAPV a fin de poder brindar viviendas a las mujeres v\u00edctimas de violencia o explotaci\u00f3n sexual. Prev\u00e9 que quienes est\u00e9n en estas situaciones, puedan ser alojadas temporalmente en cualquier vivienda nueva o recuperada por el organismo. El proyecto qued\u00f3 en la Banca de la Mujer desde octubre del a\u00f1o pasado<\/strong><\/em><\/p>\n<p>&nbsp;<\/p>\n<p>&nbsp;<\/p>\n<p>La iniciativa en cuesti\u00f3n fue presentada por el diputado Gustavo Osuna (PJ) en 2016, pero fue reflotada el a\u00f1o pasado por el Consejo Provincial de Pol\u00edticas Sociales (CPPS) del Ministerio de Desarrollo Social, el espacio de di\u00e1logo que impuls\u00f3 la actual vicegobernadora Laura Stratta cuando estaba al frente de la cartera.<\/p>\n<p>Durante el an\u00e1lisis realizado por representantes de la sociedad civil, de varios organismos estatales y tambi\u00e9n por legisladoras que integraban la comisi\u00f3n Banca de la Mujer en el seno del Consejo, se introdujeron varias modificaciones a fin de mejorar su redacci\u00f3n y se logr\u00f3 en el recinto que se restringa su \u00e1mbito de estudio a la Banca de la Mujer (antes hab\u00eda sido enviada tambi\u00e9n a la de Salud y Desarrollo Social). El cambio de giro se concret\u00f3 en la sesi\u00f3n del 9 de octubre del 2019.<\/p>\n<p>El proyecto establece la reserva de un piso del 3% del total de las operaciones de vivienda a cargo del IAPV para ser destinadas a mujeres v\u00edctimas de violencia y sus hijos e hijas. Adem\u00e1s, podr\u00e1n sumarse viviendas que sean recuperadas por el instituto de la vivienda por cualquier situaci\u00f3n que se presente. El proyecto apunta a fortalecer la autonom\u00eda de las mujeres en el proceso de separaci\u00f3n de sus agresores.<\/p>\n<p>Para ejecutarla, una autoridad de aplicaci\u00f3n (el Poder Judicial en el texto original, el Coprev, la secretar\u00eda de la Mujer y organismo equivalentes de cada municipio en el texto mejorado por el CPPS) deber\u00eda determinar el otorgamiento y el plazo de uso de la vivienda. Asimismo, considera la posibilidad de que una casa de una localidad sea cedida temporalmente a una mujer de otro lugar, a fin de resguardar sus derechos.<\/p>\n<p>La cuesti\u00f3n del alojamiento de mujeres v\u00edctimas de violencia qued\u00f3 en el candelero luego del femicidio de F\u00e1tima Florencia Acevedo, quien resid\u00eda en un hogar de tr\u00e1nsito municipal de Paran\u00e1 tras denunciar a su ex pareja.<\/p>\n<p>La iniciativa fija que las unidades habitacionales comprendidas dentro de esta pol\u00edtica, estar\u00e1n destinadas a alojar, contener y proteger a las mujeres en los t\u00e9rminos establecidos en la Ley Provincial 9.198, la Ley Nacional 26.485, y a v\u00edctimas del delito de trata de personas con fines de explotaci\u00f3n sexual, acorde a la Ley Nacional 26.364 y Ley Provincial 10.032.<\/p>\n<p>La Banca de la Mujer, con el nuevo acuerdo que extiende a 24 el n\u00famero de comisiones en Diputados, pasar\u00e1 a llamarse ahora Banca de las Mujeres, G\u00e9nero y Diversidad. Se estima que la oficialista Mariana Farf\u00e1n quede al frente, al menos durante este a\u00f1o.<\/p>\n<p>Si sos v\u00edctima o conoc\u00e9s a alguien que sufra violencia de g\u00e9nero llam\u00e1 al 144 las 24 horas.<\/p>\n","protected":false},"excerpt":{"rendered":"<p>Un proyecto de ley en tr\u00e1mite en la c\u00e1mara de Diputados de la provincia busca establecer un mecanismo de reserva en los planes del IAPV a fin de poder brindar viviendas a las mujeres v\u00edctimas de violencia o explotaci\u00f3n sexual. Prev\u00e9 que quienes est\u00e9n en estas situaciones, puedan ser alojadas temporalmente en cualquier vivienda nueva o recuperada por el organismo. El proyecto qued\u00f3 en la Banca de la Mujer desde octubre del a\u00f1o pasado &nbsp; &nbsp; La iniciativa en cuesti\u00f3n fue presentada por el diputado Gustavo Osuna (PJ) en 2016,&#8230;<\/p>\n","protected":false},"author":3,"featured_media":55036,"comment_status":"closed","ping_status":"closed","sticky":false,"template":"","format":"standard","meta":[],"categories":[15],"tags":[],"_links":{"self":[{"href":"https:\/\/www.actualidadadiario.com\/index.php\/wp-json\/wp\/v2\/posts\/58997"}],"collection":[{"href":"https:\/\/www.actualidadadiario.com\/index.php\/wp-json\/wp\/v2\/posts"}],"about":[{"href":"https:\/\/www.actualidadadiario.com\/index.php\/wp-json\/wp\/v2\/types\/post"}],"author":[{"embeddable":true,"href":"https:\/\/www.actualidadadiario.com\/index.php\/wp-json\/wp\/v2\/users\/3"}],"replies":[{"embeddable":true,"href":"https:\/\/www.actualidadadiario.com\/index.php\/wp-json\/wp\/v2\/comments?post=58997"}],"version-history":[{"count":1,"href":"https:\/\/www.actualidadadiario.com\/index.php\/wp-json\/wp\/v2\/posts\/58997\/revisions"}],"predecessor-version":[{"id":58998,"href":"https:\/\/www.actualidadadiario.com\/index.php\/wp-json\/wp\/v2\/posts\/58997\/revisions\/58998"}],"wp:featuredmedia":[{"embeddable":true,"href":"https:\/\/www.actualidadadiario.com\/index.php\/wp-json\/wp\/v2\/media\/55036"}],"wp:attachment":[{"href":"https:\/\/www.actualidadadiario.com\/index.php\/wp-json\/wp\/v2\/media?parent=58997"}],"wp:term":[{"taxonomy":"category","embeddable":true,"href":"https:\/\/www.actualidadadiario.com\/index.php\/wp-json\/wp\/v2\/categories?post=58997"},{"taxonomy":"post_tag","embeddable":true,"href":"https:\/\/www.actualidadadiario.com\/index.php\/wp-json\/wp\/v2\/tags?post=58997"}],"curies":[{"name":"wp","href":"https:\/\/api.w.org\/{rel}","templated":true}]}}