{"id":58992,"date":"2020-03-13T10:20:48","date_gmt":"2020-03-13T13:20:48","guid":{"rendered":"https:\/\/www.actualidadadiario.com\/?p=58992"},"modified":"2020-03-13T10:20:48","modified_gmt":"2020-03-13T13:20:48","slug":"blanca-osuna-presidira-la-comision-de-educacion-de-la-camara-de-diputados-de-la-nacion","status":"publish","type":"post","link":"https:\/\/www.actualidadadiario.com\/index.php\/2020\/03\/13\/blanca-osuna-presidira-la-comision-de-educacion-de-la-camara-de-diputados-de-la-nacion\/","title":{"rendered":"Blanca Osuna presidir\u00e1 la Comisi\u00f3n de Educaci\u00f3n de la C\u00e1mara de Diputados de la Naci\u00f3n"},"content":{"rendered":"<p style=\"text-align: center;\"><em><strong>En la constituci\u00f3n de las \u00e1reas de trabajo de la C\u00e1mara de Diputados de la Naci\u00f3n, la legisladora por el Frente de Todos, Blanca Osuna, fue elegida como la presidenta de Comisi\u00f3n de Educaci\u00f3n. \u201cEstamos en una etapa en la que hay mucho por hacer, por restituir y recuperar\u201d, afirm\u00f3<\/strong><\/em><\/p>\n<p>&nbsp;<\/p>\n<p>La diputada entrerriana, de dilatada trayectoria en materia de Educaci\u00f3n, asegur\u00f3 que \u201cser\u00e1 un orgullo presidir esta Comisi\u00f3n una vez m\u00e1s. Tenemos el objetivo de avanzar en metas bien concretas como las que defini\u00f3 el Presidente Alberto Fern\u00e1ndez, el pasado 1 de marzo y tenemos como antecedente una plataforma contundente en materia legislativa para trabajar y avanzar en el cumplimiento del derecho a educaci\u00f3n\u201d.<\/p>\n<p>Durante su presentaci\u00f3n en la Comisi\u00f3n, Blanca Osuna recalc\u00f3 que \u201cestamos dispuesto a trabajar en esta C\u00e1mara por una propuesta educativa que tiene que ver con la igualdad y la inclusi\u00f3n. Hemos tenido un retroceso importante en materia de Educaci\u00f3n durante los \u00faltimos 4 a\u00f1os y debemos reconstruir el pa\u00eds con un ideal educativo en donde el\u00a0 derecho a la educaci\u00f3n sea la prioridad\u201d.<\/p>\n<p>\u201cEl coraz\u00f3n de ese ideal educativo tiene que ser en el aula y no en el comedor de la escuela y vamos a trabajar para que eso se modifique\u201d, asegur\u00f3 la diputada y agreg\u00f3: \u201cTrabajaremos en una Ley de Educaci\u00f3n Superior, que es una deuda en t\u00e9rminos legislativos y\u00a0 nos abocaremos a poder concretarla como as\u00ed tambi\u00e9n otras iniciativas que vamos a impulsar\u201d.<\/p>\n<p>Es v\u00e1lido destacar que Blanca Osuna cuenta con una vasta trayectoria en materia de educaci\u00f3n.\u00a0 En el a\u00f1o 2005 asumi\u00f3 la presidencia de la Comisi\u00f3n de Educaci\u00f3n, \u00e1rea en la que ven\u00eda trabajando desde el 2001 como vicepresidenta. All\u00ed trabaj\u00f3 en iniciativas trascendentales como la Ley de Educaci\u00f3n T\u00e9cnica Profesional y en la Ley\u00a0 de Financiamiento Educativo y en la sancionada en 2006 de Educaci\u00f3n Nacional.<\/p>\n<p>Luego, del 2007 al 2011, presidi\u00f3 la Comisi\u00f3n de Educaci\u00f3n en el Senado de la Naci\u00f3n. Previamente hab\u00eda ocupado en Entre R\u00edos la presidencia del Consejo General de Educaci\u00f3n de la Provincia.<\/p>\n<p>La comisi\u00f3n, integrada por 35 legisladores, defini\u00f3 que la diputada Gisela Marziotta ocupar\u00e1 la vicepresidencia segunda y Patricia Mounier y Romina Del Pla estar\u00e1n en la secretar\u00eda legislativa de la misma.<\/p>\n","protected":false},"excerpt":{"rendered":"<p>En la constituci\u00f3n de las \u00e1reas de trabajo de la C\u00e1mara de Diputados de la Naci\u00f3n, la legisladora por el Frente de Todos, Blanca Osuna, fue elegida como la presidenta de Comisi\u00f3n de Educaci\u00f3n. \u201cEstamos en una etapa en la que hay mucho por hacer, por restituir y recuperar\u201d, afirm\u00f3 &nbsp; La diputada entrerriana, de dilatada trayectoria en materia de Educaci\u00f3n, asegur\u00f3 que \u201cser\u00e1 un orgullo presidir esta Comisi\u00f3n una vez m\u00e1s. Tenemos el objetivo de avanzar en metas bien concretas como las que defini\u00f3 el Presidente Alberto Fern\u00e1ndez, el&#8230;<\/p>\n","protected":false},"author":3,"featured_media":58993,"comment_status":"closed","ping_status":"closed","sticky":false,"template":"","format":"standard","meta":[],"categories":[15],"tags":[],"_links":{"self":[{"href":"https:\/\/www.actualidadadiario.com\/index.php\/wp-json\/wp\/v2\/posts\/58992"}],"collection":[{"href":"https:\/\/www.actualidadadiario.com\/index.php\/wp-json\/wp\/v2\/posts"}],"about":[{"href":"https:\/\/www.actualidadadiario.com\/index.php\/wp-json\/wp\/v2\/types\/post"}],"author":[{"embeddable":true,"href":"https:\/\/www.actualidadadiario.com\/index.php\/wp-json\/wp\/v2\/users\/3"}],"replies":[{"embeddable":true,"href":"https:\/\/www.actualidadadiario.com\/index.php\/wp-json\/wp\/v2\/comments?post=58992"}],"version-history":[{"count":1,"href":"https:\/\/www.actualidadadiario.com\/index.php\/wp-json\/wp\/v2\/posts\/58992\/revisions"}],"predecessor-version":[{"id":58994,"href":"https:\/\/www.actualidadadiario.com\/index.php\/wp-json\/wp\/v2\/posts\/58992\/revisions\/58994"}],"wp:featuredmedia":[{"embeddable":true,"href":"https:\/\/www.actualidadadiario.com\/index.php\/wp-json\/wp\/v2\/media\/58993"}],"wp:attachment":[{"href":"https:\/\/www.actualidadadiario.com\/index.php\/wp-json\/wp\/v2\/media?parent=58992"}],"wp:term":[{"taxonomy":"category","embeddable":true,"href":"https:\/\/www.actualidadadiario.com\/index.php\/wp-json\/wp\/v2\/categories?post=58992"},{"taxonomy":"post_tag","embeddable":true,"href":"https:\/\/www.actualidadadiario.com\/index.php\/wp-json\/wp\/v2\/tags?post=58992"}],"curies":[{"name":"wp","href":"https:\/\/api.w.org\/{rel}","templated":true}]}}