{"id":58990,"date":"2020-03-13T10:20:03","date_gmt":"2020-03-13T13:20:03","guid":{"rendered":"https:\/\/www.actualidadadiario.com\/?p=58990"},"modified":"2020-03-13T10:20:03","modified_gmt":"2020-03-13T13:20:03","slug":"con-el-aumento-dispuesto-por-el-gobierno-continua-el-pago-de-las-becas-2019","status":"publish","type":"post","link":"https:\/\/www.actualidadadiario.com\/index.php\/2020\/03\/13\/con-el-aumento-dispuesto-por-el-gobierno-continua-el-pago-de-las-becas-2019\/","title":{"rendered":"Con el aumento dispuesto por el gobierno, contin\u00faa el pago de las becas 2019"},"content":{"rendered":"<p style=\"text-align: center;\"><em><strong>Con el incremento del 20%, el Instituto Becario iniciar\u00e1 este jueves el pago de las becas otorgadas en 2019 para el nivel secundario, terciario, universitario, discapacidad y transporte rural. As\u00ed lo inform\u00f3 el director ejecutivo del organismo, Sebasti\u00e1n B\u00e9rtoli<\/strong><\/em><\/p>\n<p>&nbsp;<\/p>\n<p>&nbsp;<\/p>\n<p>El cronograma de pagos de las becas provinciales correspondiente al mes de marzo ya est\u00e1 disponible. Al respecto, el titular del Becario se\u00f1al\u00f3 que: \u201cA partir de este mes, el 20% de incremento dispuesto por el gobernador se ve reflejado en los montos de las becas. Nuevamente, queremos distinguir esta decisi\u00f3n que refuerza la pol\u00edtica de inclusi\u00f3n y calidad educativa que lleva adelante el gobierno de Entre R\u00edos\u201d.<\/p>\n<p>\u201cNuestra meta es comprometernos cada vez m\u00e1s con las demandas sociales y este aporte significativo es valorado por las familias que hacen un gran esfuerzo por el futuro de sus hijos&#8221;, expres\u00f3 B\u00e9rtoli, y asegur\u00f3 que el apoyo &#8220;es para instar a los j\u00f3venes a continuar por el camino del estudio&#8221;.<\/p>\n<p>Los pagos se extienden desde este jueves 12 de marzo hasta el martes 17. De acuerdo a la finalizaci\u00f3n del DNI qued\u00f3 determinado de la siguiente manera:<\/p>\n<p>Jueves 12 de marzo: terminaci\u00f3n del DNI en 0, 1, 2 y 3<\/p>\n<p>Viernes 13 de marzo: terminaci\u00f3n en 4 y 5<\/p>\n<p>Lunes 16 de marzo: terminaci\u00f3n en 6 y 7<\/p>\n<p>Martes 17 de marzo: terminaci\u00f3n en 8 y 9<\/p>\n<p>&nbsp;<\/p>\n<p><strong>Beca para transporte rural y discapacidad<\/strong><\/p>\n<p>En el caso de estos beneficios se abonar\u00e1 el per\u00edodo de integraci\u00f3n y recuperaci\u00f3n de saberes a aquellas escuelas que hasta el 5 de marzo hayan notificado por escrito al Instituto Becario la necesidad de contar con el transporte durante el mencionado per\u00edodo y que, a su vez certifiquen que el servicio se prest\u00f3. El pago se efectuar\u00e1 el 12 y el 13 de marzo<\/p>\n<p>A las instituciones que hayan presentado la notificaci\u00f3n con fecha posterior se les abonar\u00e1 el importe en el transcurso de la semana siguiente.<\/p>\n<p>&nbsp;<\/p>\n<p><strong>Cambios en el per\u00edodo de pago<\/strong><\/p>\n<p>Por otro lado se indic\u00f3 que la efectivizaci\u00f3n para el nivel secundario tendr\u00e1 un cambio en el periodo de pago, el que ir\u00e1 este a\u00f1o de mayo a noviembre. Pero quienes hayan obtenido su beca en 2019 cobrar\u00e1n el beneficio de ese a\u00f1o en el mes de marzo y abril.<\/p>\n<p>Puntualmente el periodo de pago para el nivel secundario este a\u00f1o ser\u00e1 de mayo a noviembre y al a\u00f1o siguiente, en 2021, se abonar\u00e1 marzo y abril correspondiente al ciclo lectivo anterior, completando los nueve meses de pago.<\/p>\n<p>&nbsp;<\/p>\n<p><strong>Becas 2020<\/strong><\/p>\n<p>Para nivel secundario el pago correspondiente al ciclo lectivo 2019 continuar\u00e1 en marzo y abril de este a\u00f1o. En mayo, s\u00f3lo se retomar\u00e1 para quienes hayan concluido el tr\u00e1mite online de solicitud de beca 2020 y logren renovar su beca.<\/p>\n<p>Los estudiantes que hayan obtenido la beca en 2019 deben realizar sin excepci\u00f3n el tr\u00e1mite de inscripci\u00f3n online antes del 31 de marzo para solicitar la renovaci\u00f3n y continuar percibiendo el beneficio.<\/p>\n<p>Se recuerda que la inscripci\u00f3n tanto para renovaciones como para nuevas solicitudes terciarias y universitarias comienza el 1 de abril. Se realiza de manera online a trav\u00e9s del nuevo sistema de gesti\u00f3n de becas.<\/p>\n","protected":false},"excerpt":{"rendered":"<p>Con el incremento del 20%, el Instituto Becario iniciar\u00e1 este jueves el pago de las becas otorgadas en 2019 para el nivel secundario, terciario, universitario, discapacidad y transporte rural. As\u00ed lo inform\u00f3 el director ejecutivo del organismo, Sebasti\u00e1n B\u00e9rtoli &nbsp; &nbsp; El cronograma de pagos de las becas provinciales correspondiente al mes de marzo ya est\u00e1 disponible. Al respecto, el titular del Becario se\u00f1al\u00f3 que: \u201cA partir de este mes, el 20% de incremento dispuesto por el gobernador se ve reflejado en los montos de las becas. Nuevamente, queremos distinguir&#8230;<\/p>\n","protected":false},"author":3,"featured_media":19998,"comment_status":"closed","ping_status":"closed","sticky":false,"template":"","format":"standard","meta":[],"categories":[15],"tags":[],"_links":{"self":[{"href":"https:\/\/www.actualidadadiario.com\/index.php\/wp-json\/wp\/v2\/posts\/58990"}],"collection":[{"href":"https:\/\/www.actualidadadiario.com\/index.php\/wp-json\/wp\/v2\/posts"}],"about":[{"href":"https:\/\/www.actualidadadiario.com\/index.php\/wp-json\/wp\/v2\/types\/post"}],"author":[{"embeddable":true,"href":"https:\/\/www.actualidadadiario.com\/index.php\/wp-json\/wp\/v2\/users\/3"}],"replies":[{"embeddable":true,"href":"https:\/\/www.actualidadadiario.com\/index.php\/wp-json\/wp\/v2\/comments?post=58990"}],"version-history":[{"count":1,"href":"https:\/\/www.actualidadadiario.com\/index.php\/wp-json\/wp\/v2\/posts\/58990\/revisions"}],"predecessor-version":[{"id":58991,"href":"https:\/\/www.actualidadadiario.com\/index.php\/wp-json\/wp\/v2\/posts\/58990\/revisions\/58991"}],"wp:featuredmedia":[{"embeddable":true,"href":"https:\/\/www.actualidadadiario.com\/index.php\/wp-json\/wp\/v2\/media\/19998"}],"wp:attachment":[{"href":"https:\/\/www.actualidadadiario.com\/index.php\/wp-json\/wp\/v2\/media?parent=58990"}],"wp:term":[{"taxonomy":"category","embeddable":true,"href":"https:\/\/www.actualidadadiario.com\/index.php\/wp-json\/wp\/v2\/categories?post=58990"},{"taxonomy":"post_tag","embeddable":true,"href":"https:\/\/www.actualidadadiario.com\/index.php\/wp-json\/wp\/v2\/tags?post=58990"}],"curies":[{"name":"wp","href":"https:\/\/api.w.org\/{rel}","templated":true}]}}