{"id":58985,"date":"2020-03-13T10:18:03","date_gmt":"2020-03-13T13:18:03","guid":{"rendered":"https:\/\/www.actualidadadiario.com\/?p=58985"},"modified":"2020-03-13T10:18:03","modified_gmt":"2020-03-13T13:18:03","slug":"malbran-confirmo-el-primer-caso-de-coronavirus-en-entre-rios","status":"publish","type":"post","link":"https:\/\/www.actualidadadiario.com\/index.php\/2020\/03\/13\/malbran-confirmo-el-primer-caso-de-coronavirus-en-entre-rios\/","title":{"rendered":"Malbran confirm\u00f3 el primer caso de coronavirus en Entre R\u00edos"},"content":{"rendered":"<p style=\"text-align: center;\"><em><strong>Autoridades del Ministerio de Salud de Entre R\u00edos precisaron que desde el Instituto Carlos Malbr\u00e1n, se confirm\u00f3 como positivo el an\u00e1lisis realizado por el virus covid-19 a un paciente entrerriano<\/strong><\/em><\/p>\n<p>&nbsp;<\/p>\n<p>Se trata de un joven oriundo de Gualeguay, que acudi\u00f3 a un sanatorio de la ciudad Aut\u00f3noma de Buenos Aires.<\/p>\n<p>El paciente presento s\u00edntomas compatibles con el virus, durante periodo de &#8220;auto aislamiento&#8221;. Se trata de un caso importado, dado que regreso de un viaje por algunos pa\u00edses de Europa. Actualmente, est\u00e1 evolucionando favorablemente, present\u00e1ndose bien cl\u00ednicamente.<\/p>\n","protected":false},"excerpt":{"rendered":"<p>Autoridades del Ministerio de Salud de Entre R\u00edos precisaron que desde el Instituto Carlos Malbr\u00e1n, se confirm\u00f3 como positivo el an\u00e1lisis realizado por el virus covid-19 a un paciente entrerriano &nbsp; Se trata de un joven oriundo de Gualeguay, que acudi\u00f3 a un sanatorio de la ciudad Aut\u00f3noma de Buenos Aires. El paciente presento s\u00edntomas compatibles con el virus, durante periodo de &#8220;auto aislamiento&#8221;. Se trata de un caso importado, dado que regreso de un viaje por algunos pa\u00edses de Europa. Actualmente, est\u00e1 evolucionando favorablemente, present\u00e1ndose bien cl\u00ednicamente.<\/p>\n","protected":false},"author":3,"featured_media":58830,"comment_status":"closed","ping_status":"closed","sticky":false,"template":"","format":"standard","meta":[],"categories":[9],"tags":[],"_links":{"self":[{"href":"https:\/\/www.actualidadadiario.com\/index.php\/wp-json\/wp\/v2\/posts\/58985"}],"collection":[{"href":"https:\/\/www.actualidadadiario.com\/index.php\/wp-json\/wp\/v2\/posts"}],"about":[{"href":"https:\/\/www.actualidadadiario.com\/index.php\/wp-json\/wp\/v2\/types\/post"}],"author":[{"embeddable":true,"href":"https:\/\/www.actualidadadiario.com\/index.php\/wp-json\/wp\/v2\/users\/3"}],"replies":[{"embeddable":true,"href":"https:\/\/www.actualidadadiario.com\/index.php\/wp-json\/wp\/v2\/comments?post=58985"}],"version-history":[{"count":1,"href":"https:\/\/www.actualidadadiario.com\/index.php\/wp-json\/wp\/v2\/posts\/58985\/revisions"}],"predecessor-version":[{"id":58986,"href":"https:\/\/www.actualidadadiario.com\/index.php\/wp-json\/wp\/v2\/posts\/58985\/revisions\/58986"}],"wp:featuredmedia":[{"embeddable":true,"href":"https:\/\/www.actualidadadiario.com\/index.php\/wp-json\/wp\/v2\/media\/58830"}],"wp:attachment":[{"href":"https:\/\/www.actualidadadiario.com\/index.php\/wp-json\/wp\/v2\/media?parent=58985"}],"wp:term":[{"taxonomy":"category","embeddable":true,"href":"https:\/\/www.actualidadadiario.com\/index.php\/wp-json\/wp\/v2\/categories?post=58985"},{"taxonomy":"post_tag","embeddable":true,"href":"https:\/\/www.actualidadadiario.com\/index.php\/wp-json\/wp\/v2\/tags?post=58985"}],"curies":[{"name":"wp","href":"https:\/\/api.w.org\/{rel}","templated":true}]}}