{"id":58969,"date":"2020-03-12T12:29:03","date_gmt":"2020-03-12T15:29:03","guid":{"rendered":"https:\/\/www.actualidadadiario.com\/?p=58969"},"modified":"2020-03-12T12:29:03","modified_gmt":"2020-03-12T15:29:03","slug":"chile-celebro-30-anos-de-democracia-entre-protestas-y-con-el-gobierno-aislado","status":"publish","type":"post","link":"https:\/\/www.actualidadadiario.com\/index.php\/2020\/03\/12\/chile-celebro-30-anos-de-democracia-entre-protestas-y-con-el-gobierno-aislado\/","title":{"rendered":"Chile celebr\u00f3 30 a\u00f1os de democracia entre protestas y con el gobierno aislado"},"content":{"rendered":"<p style=\"text-align: center;\"><em><strong>El presidente Sebasti\u00e1n Pi\u00f1era no acusa recibo de las demandas ciudadanas y avanza hacia ninguna parte. Su celebraci\u00f3n en el Palacio de la Moneda por los treinta a\u00f1os de democracia ininterrumpida pareci\u00f3 hecha sobre la cubierta del Titanic. Llam\u00f3 a \u201caprender de las lecciones de las \u00faltimas tres d\u00e9cadas\u201d mientras las barricadas se multiplicaban a lo largo de la avenida Alameda y los incidentes volv\u00edan al centro de esta capital, a un pu\u00f1ado de cuadras de donde hablaba el jefe de Estado. Ning\u00fan partido de la oposici\u00f3n lo acompa\u00f1\u00f3 en el acto, ni siquiera su base social encarnada en las clases acomodadas que le dieron el voto hace dos a\u00f1os<\/strong><\/em><\/p>\n<p>&nbsp;<\/p>\n<p>&nbsp;<\/p>\n<p>&#8220;La patria y este presidente necesita la ayuda de todos\u201d, dijo el mandatario en un discurso vac\u00edo, montado sobre una institucionalidad jaqueada y donde cada d\u00eda que pasa atrona con m\u00e1s fuerza el \u201cFuera Pi\u00f1era\u201d. J\u00f3venes encapuchados se unieron a estudiantes secundarios a las puertas del Instituto Nacional en las primeras escaramuzas del d\u00eda que se prolongar\u00edan a lo largo de otra jornada violenta por toda esta ciudad. Los carabineros reprimieron con carros hidrantes, gas lacrim\u00f3geno y gas pimienta. Hasta hoy las muertes provocadas por la represi\u00f3n llegan a 32 y adem\u00e1s hubo 3.765 heridos, 1.835 v\u00edctimas de torturas y violaciones, como unas 10 mil detenciones. Los datos son del Instituto Nacional de Derechos Humanos (INDH).<\/p>\n<p>En ese contexto se concret\u00f3 un paro simb\u00f3lico de 11 minutos a las 11 de la ma\u00f1ana y\u00a0 para el d\u00eda 11 de marzo convocaron el Bloque Sindical de la Mesa de Unidad Social y la CUT (Central Unitaria de Trabajadores). La medida no fue bien recibida por los sectores m\u00e1s combativos que siguen movilizados por todo el pa\u00eds y que criticaron con dureza esta huelga testimonial a la que definieron como \u201cvergonzosa\u201d. Los grandes gremios no se hicieron demasiado visibles en los cinco meses de movilizaciones que surcaron todo Chile desde octubre del a\u00f1o pasado.<\/p>\n<p>En este pa\u00eds lo que se discute es qui\u00e9n ocupa la calle y establece condiciones sobre ella. El segundo gobierno de Pi\u00f1era tiene \u00edndices baj\u00edsimos de aceptaci\u00f3n \u2013 a febrero eran del 6 por ciento \u2013y sigue en una burbuja desde la que observa la realidad paup\u00e9rrima de la poblaci\u00f3n con la mirada de un gendarme. Solo propone medidas y m\u00e1s medidas de seguridad. A las que vino aplicando hasta ahora plante\u00f3 una sobre la custodia de instalaciones estrat\u00e9gicas que se delegar\u00eda en el ej\u00e9rcito para no sacar a los carabineros de las calles, donde se dirime el conflicto social.<\/p>\n<p>\u201cChile hoy es otro pa\u00eds. M\u00e1s golpeado, pero m\u00e1s fuerte y digno. Por eso la protesta social representa algo m\u00e1s que los treinta pesos del Metro, que los treinta a\u00f1os de gobiernos democr\u00e1ticos y que las demandas postergadas de chilenos y chilenas\u201d escribi\u00f3 el doctor en Ciencias Pol\u00edticas y Sociolog\u00eda Rodolfo Fortunatti, un democratacristiano cr\u00edtico del actual gobierno. Sobre la Alameda se venden pa\u00f1uelos a mil pesos (poco m\u00e1s de cien argentinos) con la frase \u201cChile despert\u00f3\u201d. Son las dos palabras que condensan la sensaci\u00f3n de la calle que plebiscita cada d\u00eda a un gobierno aislado que ya no representa a casi nadie.<\/p>\n","protected":false},"excerpt":{"rendered":"<p>El presidente Sebasti\u00e1n Pi\u00f1era no acusa recibo de las demandas ciudadanas y avanza hacia ninguna parte. Su celebraci\u00f3n en el Palacio de la Moneda por los treinta a\u00f1os de democracia ininterrumpida pareci\u00f3 hecha sobre la cubierta del Titanic. Llam\u00f3 a \u201caprender de las lecciones de las \u00faltimas tres d\u00e9cadas\u201d mientras las barricadas se multiplicaban a lo largo de la avenida Alameda y los incidentes volv\u00edan al centro de esta capital, a un pu\u00f1ado de cuadras de donde hablaba el jefe de Estado. Ning\u00fan partido de la oposici\u00f3n lo acompa\u00f1\u00f3 en&#8230;<\/p>\n","protected":false},"author":3,"featured_media":58970,"comment_status":"closed","ping_status":"closed","sticky":false,"template":"","format":"standard","meta":[],"categories":[4],"tags":[],"_links":{"self":[{"href":"https:\/\/www.actualidadadiario.com\/index.php\/wp-json\/wp\/v2\/posts\/58969"}],"collection":[{"href":"https:\/\/www.actualidadadiario.com\/index.php\/wp-json\/wp\/v2\/posts"}],"about":[{"href":"https:\/\/www.actualidadadiario.com\/index.php\/wp-json\/wp\/v2\/types\/post"}],"author":[{"embeddable":true,"href":"https:\/\/www.actualidadadiario.com\/index.php\/wp-json\/wp\/v2\/users\/3"}],"replies":[{"embeddable":true,"href":"https:\/\/www.actualidadadiario.com\/index.php\/wp-json\/wp\/v2\/comments?post=58969"}],"version-history":[{"count":1,"href":"https:\/\/www.actualidadadiario.com\/index.php\/wp-json\/wp\/v2\/posts\/58969\/revisions"}],"predecessor-version":[{"id":58971,"href":"https:\/\/www.actualidadadiario.com\/index.php\/wp-json\/wp\/v2\/posts\/58969\/revisions\/58971"}],"wp:featuredmedia":[{"embeddable":true,"href":"https:\/\/www.actualidadadiario.com\/index.php\/wp-json\/wp\/v2\/media\/58970"}],"wp:attachment":[{"href":"https:\/\/www.actualidadadiario.com\/index.php\/wp-json\/wp\/v2\/media?parent=58969"}],"wp:term":[{"taxonomy":"category","embeddable":true,"href":"https:\/\/www.actualidadadiario.com\/index.php\/wp-json\/wp\/v2\/categories?post=58969"},{"taxonomy":"post_tag","embeddable":true,"href":"https:\/\/www.actualidadadiario.com\/index.php\/wp-json\/wp\/v2\/tags?post=58969"}],"curies":[{"name":"wp","href":"https:\/\/api.w.org\/{rel}","templated":true}]}}