{"id":58967,"date":"2020-03-12T12:28:17","date_gmt":"2020-03-12T15:28:17","guid":{"rendered":"https:\/\/www.actualidadadiario.com\/?p=58967"},"modified":"2020-03-12T12:28:17","modified_gmt":"2020-03-12T15:28:17","slug":"el-senado-tratara-hoy-la-reforma-de-las-jubilaciones-de-privilegio","status":"publish","type":"post","link":"https:\/\/www.actualidadadiario.com\/index.php\/2020\/03\/12\/el-senado-tratara-hoy-la-reforma-de-las-jubilaciones-de-privilegio\/","title":{"rendered":"El Senado tratar\u00e1 hoy la reforma de las &#8220;jubilaciones de privilegio&#8221;"},"content":{"rendered":"<p style=\"text-align: center;\"><em><strong>Convocada para las 12:00, la sesi\u00f3n tiene como \u00fanico proyecto del temario la modificaci\u00f3n del r\u00e9gimen de las llamadas &#8220;jubilaciones de privilegio&#8221;<\/strong><\/em><\/p>\n<p>&nbsp;<\/p>\n<p>&nbsp;<\/p>\n<p>El Senado discutir\u00e1 hoy en una sesi\u00f3n especial el proyecto de reforma de las jubilaciones especiales de jueces, fiscales y diplom\u00e1ticos, que el oficialismo espera sancionar, mientras la oposici\u00f3n a\u00fan no defini\u00f3 si acompa\u00f1ar\u00e1 o rechazar\u00e1.<\/p>\n<p>Convocada para las 12:00, la sesi\u00f3n tiene como \u00fanico proyecto del temario la modificaci\u00f3n del r\u00e9gimen de las llamadas &#8220;jubilaciones de privilegio&#8221; que impuls\u00f3 el Gobierno y que ya fue aprobado por la C\u00e1mara de Diputados, en medio de una tumultuosa sesi\u00f3n de la que la oposici\u00f3n se retir\u00f3.<\/p>\n<p>El Frente de Todos tiene mayor\u00eda suficiente en el Senado para sancionar la ley y, para evitar que la iniciativa vuelva a la C\u00e1mara baja, donde el oficialismo est\u00e1 m\u00e1s ajustado con los votos, no aceptar\u00eda modificaciones como reclama Juntos por el Cambio.<\/p>\n","protected":false},"excerpt":{"rendered":"<p>Convocada para las 12:00, la sesi\u00f3n tiene como \u00fanico proyecto del temario la modificaci\u00f3n del r\u00e9gimen de las llamadas &#8220;jubilaciones de privilegio&#8221; &nbsp; &nbsp; El Senado discutir\u00e1 hoy en una sesi\u00f3n especial el proyecto de reforma de las jubilaciones especiales de jueces, fiscales y diplom\u00e1ticos, que el oficialismo espera sancionar, mientras la oposici\u00f3n a\u00fan no defini\u00f3 si acompa\u00f1ar\u00e1 o rechazar\u00e1. Convocada para las 12:00, la sesi\u00f3n tiene como \u00fanico proyecto del temario la modificaci\u00f3n del r\u00e9gimen de las llamadas &#8220;jubilaciones de privilegio&#8221; que impuls\u00f3 el Gobierno y que ya fue&#8230;<\/p>\n","protected":false},"author":3,"featured_media":58810,"comment_status":"closed","ping_status":"closed","sticky":false,"template":"","format":"standard","meta":[],"categories":[18],"tags":[],"_links":{"self":[{"href":"https:\/\/www.actualidadadiario.com\/index.php\/wp-json\/wp\/v2\/posts\/58967"}],"collection":[{"href":"https:\/\/www.actualidadadiario.com\/index.php\/wp-json\/wp\/v2\/posts"}],"about":[{"href":"https:\/\/www.actualidadadiario.com\/index.php\/wp-json\/wp\/v2\/types\/post"}],"author":[{"embeddable":true,"href":"https:\/\/www.actualidadadiario.com\/index.php\/wp-json\/wp\/v2\/users\/3"}],"replies":[{"embeddable":true,"href":"https:\/\/www.actualidadadiario.com\/index.php\/wp-json\/wp\/v2\/comments?post=58967"}],"version-history":[{"count":1,"href":"https:\/\/www.actualidadadiario.com\/index.php\/wp-json\/wp\/v2\/posts\/58967\/revisions"}],"predecessor-version":[{"id":58968,"href":"https:\/\/www.actualidadadiario.com\/index.php\/wp-json\/wp\/v2\/posts\/58967\/revisions\/58968"}],"wp:featuredmedia":[{"embeddable":true,"href":"https:\/\/www.actualidadadiario.com\/index.php\/wp-json\/wp\/v2\/media\/58810"}],"wp:attachment":[{"href":"https:\/\/www.actualidadadiario.com\/index.php\/wp-json\/wp\/v2\/media?parent=58967"}],"wp:term":[{"taxonomy":"category","embeddable":true,"href":"https:\/\/www.actualidadadiario.com\/index.php\/wp-json\/wp\/v2\/categories?post=58967"},{"taxonomy":"post_tag","embeddable":true,"href":"https:\/\/www.actualidadadiario.com\/index.php\/wp-json\/wp\/v2\/tags?post=58967"}],"curies":[{"name":"wp","href":"https:\/\/api.w.org\/{rel}","templated":true}]}}