{"id":58959,"date":"2020-03-12T12:25:46","date_gmt":"2020-03-12T15:25:46","guid":{"rendered":"https:\/\/www.actualidadadiario.com\/?p=58959"},"modified":"2020-03-12T12:25:46","modified_gmt":"2020-03-12T15:25:46","slug":"taiano-desestimo-la-denuncia-contra-scioli-y-pidio-no-judicializar-la-politica","status":"publish","type":"post","link":"https:\/\/www.actualidadadiario.com\/index.php\/2020\/03\/12\/taiano-desestimo-la-denuncia-contra-scioli-y-pidio-no-judicializar-la-politica\/","title":{"rendered":"Taiano desestim\u00f3 la denuncia contra Scioli y pidi\u00f3 no judicializar la pol\u00edtica"},"content":{"rendered":"<p style=\"text-align: center;\"><em><strong>La oposici\u00f3n hab\u00eda denunciado que Scioli particip\u00f3 irregularmente de la sesi\u00f3n. El fiscal consider\u00f3 que no hubo delito<\/strong><\/em><\/p>\n<p>&nbsp;<\/p>\n<p>Despu\u00e9s de la pol\u00e9mica y la denuncia de la oposici\u00f3n por la participaci\u00f3n de Daniel Scioli en la sesi\u00f3n que dio media sanci\u00f3n a la reforma del r\u00e9gimen especial de jubilaciones de jueces y diplom\u00e1ticos, el fiscal Eduardo Taiano pidi\u00f3 que se desestime la presentaci\u00f3n judicial contra el ex gobernador bonaerense por \u201cusurpaci\u00f3n de autoridad\u201d. Seg\u00fan el escrito de siete p\u00e1ginas, el fiscal tambi\u00e9n asegur\u00f3 que no debe existir una judicializaci\u00f3n de la pol\u00edtica.<\/p>\n<p>La denuncia fue iniciada por los abogados Yamil Santoro y Jos\u00e9 Magioncalda luego de que Scioli se presentara en la sesi\u00f3n del 28 de febrero en la que el oficialismo consigui\u00f3 aprobar las reformas. Desde Juntos por el Cambio se denunci\u00f3 la legalidad del qu\u00f3rum obtenido ya que el ex gobernador se sent\u00f3 en la banca despu\u00e9s de haberse desempe\u00f1ado como embajador designado en Brasil.<\/p>\n<p>Sin embargo, desde la Casa Rosada explicaron que a\u00fan no asumi\u00f3 formalmente como embajador. La c\u00e1mara de diputados tratar\u00eda la renuncia de Scioli como diputado la pr\u00f3xima semana. Una vez que se trate, el poder Ejecutivo reci\u00e9n formalizar\u00eda su nuevo cargo a trav\u00e9s del bolet\u00edn oficial.<\/p>\n<p>En la presentaci\u00f3n de Taiano ante la jueza Mar\u00eda Servini a cargo de la causa, el fiscal detall\u00f3: \u201cDebe desestimar estas actuaciones por inexistencia de delito\u201d. Y agrega: \u201cA pesar de lo sostenido por los denunciantes, para el d\u00eda 28 de febrero de 2020 Daniel Scioli se encontraba ejerciendo de forma efectiva su banca de diputado nacional\u201d.<\/p>\n<p>&nbsp;<\/p>\n<p><strong>Seg\u00fan Taiano <\/strong><\/p>\n<p>De acuerdo al escrito, el 2 de marzo a\u00fan Scioli no hab\u00eda presentado su renuncia a la banca. Tambi\u00e9n da cuenta de un informe del ministerio de Relaciones Exteriores de ese d\u00eda vinculado al tr\u00e1mite de designaci\u00f3n como embajador en el que se desprende que para esa fecha \u201cse encontraba en tr\u00e1mite el expediente por la referida designaci\u00f3n\u201d.<\/p>\n<p>Taiano tambi\u00e9n detalla que ante la inhabilitaci\u00f3n que pesaba sobre Scioli para llevar adelante su funci\u00f3n de diputado \u201cpor resultar violaci\u00f3n de la divisi\u00f3n de poderes y de reglamento de la C\u00e1mara de Diputados \u201cesta parte entiende que resulta ser una cuesti\u00f3n que no puede ser dilucidada en el \u00e1mbito de estas actuaciones\u201d por regir el principio de separaciones de poderes. \u201cEl equilibrio que debe existir entre los distintos poderes del Estado de acuerdo a nuestro sistema Republicano de Gobierno, impone que el Poder Judicial evite inmiscuirse en decisiones que impliquen una judicializaci\u00f3n de la pol\u00edtica\u201d, pidi\u00f3.<\/p>\n","protected":false},"excerpt":{"rendered":"<p>La oposici\u00f3n hab\u00eda denunciado que Scioli particip\u00f3 irregularmente de la sesi\u00f3n. El fiscal consider\u00f3 que no hubo delito &nbsp; Despu\u00e9s de la pol\u00e9mica y la denuncia de la oposici\u00f3n por la participaci\u00f3n de Daniel Scioli en la sesi\u00f3n que dio media sanci\u00f3n a la reforma del r\u00e9gimen especial de jubilaciones de jueces y diplom\u00e1ticos, el fiscal Eduardo Taiano pidi\u00f3 que se desestime la presentaci\u00f3n judicial contra el ex gobernador bonaerense por \u201cusurpaci\u00f3n de autoridad\u201d. Seg\u00fan el escrito de siete p\u00e1ginas, el fiscal tambi\u00e9n asegur\u00f3 que no debe existir una judicializaci\u00f3n&#8230;<\/p>\n","protected":false},"author":3,"featured_media":58717,"comment_status":"closed","ping_status":"closed","sticky":false,"template":"","format":"standard","meta":[],"categories":[18],"tags":[],"_links":{"self":[{"href":"https:\/\/www.actualidadadiario.com\/index.php\/wp-json\/wp\/v2\/posts\/58959"}],"collection":[{"href":"https:\/\/www.actualidadadiario.com\/index.php\/wp-json\/wp\/v2\/posts"}],"about":[{"href":"https:\/\/www.actualidadadiario.com\/index.php\/wp-json\/wp\/v2\/types\/post"}],"author":[{"embeddable":true,"href":"https:\/\/www.actualidadadiario.com\/index.php\/wp-json\/wp\/v2\/users\/3"}],"replies":[{"embeddable":true,"href":"https:\/\/www.actualidadadiario.com\/index.php\/wp-json\/wp\/v2\/comments?post=58959"}],"version-history":[{"count":1,"href":"https:\/\/www.actualidadadiario.com\/index.php\/wp-json\/wp\/v2\/posts\/58959\/revisions"}],"predecessor-version":[{"id":58960,"href":"https:\/\/www.actualidadadiario.com\/index.php\/wp-json\/wp\/v2\/posts\/58959\/revisions\/58960"}],"wp:featuredmedia":[{"embeddable":true,"href":"https:\/\/www.actualidadadiario.com\/index.php\/wp-json\/wp\/v2\/media\/58717"}],"wp:attachment":[{"href":"https:\/\/www.actualidadadiario.com\/index.php\/wp-json\/wp\/v2\/media?parent=58959"}],"wp:term":[{"taxonomy":"category","embeddable":true,"href":"https:\/\/www.actualidadadiario.com\/index.php\/wp-json\/wp\/v2\/categories?post=58959"},{"taxonomy":"post_tag","embeddable":true,"href":"https:\/\/www.actualidadadiario.com\/index.php\/wp-json\/wp\/v2\/tags?post=58959"}],"curies":[{"name":"wp","href":"https:\/\/api.w.org\/{rel}","templated":true}]}}