{"id":58955,"date":"2020-03-12T12:24:22","date_gmt":"2020-03-12T15:24:22","guid":{"rendered":"https:\/\/www.actualidadadiario.com\/?p=58955"},"modified":"2020-03-12T12:24:22","modified_gmt":"2020-03-12T15:24:22","slug":"arroyo-destaco-que-con-la-tarjeta-alimentar-se-saltea-la-grieta","status":"publish","type":"post","link":"https:\/\/www.actualidadadiario.com\/index.php\/2020\/03\/12\/arroyo-destaco-que-con-la-tarjeta-alimentar-se-saltea-la-grieta\/","title":{"rendered":"Arroyo destac\u00f3 que, con la tarjeta Alimentar, se saltea &#8220;la grieta&#8221;"},"content":{"rendered":"<p style=\"text-align: center;\"><em><strong>El ministro de Desarrollo Social, Daniel Arroyo, cumpli\u00f3 una jornada de trabajo con titulares del \u00e1rea de las provincias, con quienes analiz\u00f3 la marcha e implementaci\u00f3n de la tarjeta Alimentar y la vinculaci\u00f3n de planes sociales con trabajo como eje central de acci\u00f3n, de acuerdo a los anuncios que efectu\u00f3 desde diciembre pasado tanto esa cartera como el presidente Alberto Fern\u00e1ndez<\/strong><\/em><\/p>\n<p>&nbsp;<\/p>\n<p>&#8220;Ya hay m\u00e1s de un mill\u00f3n de tarjetas Alimentar, las cuales permiten que las familias accedan a una alimentaci\u00f3n con calidad nutricional, y eso es gracias al trabajo que en forma mancomunada se viene desarrollando con la Provincias, los municipios, los organismos del Estado nacional y la banca p\u00fablica&#8221;. A la hora de destacar la din\u00e1mica federal de los objetivos de gesti\u00f3n, el ministro enfatiz\u00f3 que &#8220;No s\u00f3lo salteamos la grieta, sino que dimos un salto de calidad en pol\u00edtica social&#8221;.<\/p>\n<p>Siempre en t\u00f3nica de estrategias integradoras como prioridad de labor, Arroyo remarc\u00f3 que el trabajo con las provincias permite &#8220;construir una verdadera gesti\u00f3n federal&#8221;, la cual explic\u00f3 no realza en virtudes sino para &#8220;cumplir la misi\u00f3n para lo cual nos han confiado esta tarea&#8221;.<\/p>\n<p>En tono conciliador Arroyo convoc\u00f3 a seguir trabajando &#8220;para construir movilidad social ascendente&#8221; y, en ese marco, hizo hincapi\u00e9 y ratific\u00f3 la necesidad de activar la reconversi\u00f3n de planes sociales. &#8220;Queremos elaborar estrategias con todas las provincia, teniendo en cuenta las realidades particulares y las de sus regiones, para vincular los planes con trabajo, apostando a lo asociativo, con proyectos, acompa\u00f1amiento y microcr\u00e9ditos. No queremos enlatados, sino un esquema federal que pueda ser sostenido en el tiempo&#8221;, agreg\u00f3 Arroyo.<\/p>\n<p>Estuvieron presentes las ministras Fernanda Raverta (Buenos Aires), Mar\u00eda Migliore (CABA), Mar\u00eda P\u00eda Chiachio Cavana (Chaco) Cecilia Torres Otarola (Chubut), Marisa Paira (Entre R\u00edos), Natalia Sarapura (Jujuy), Ana Mar\u00eda Nadal (Mendoza), Benilda Dammer (Misiones), Adriana Figueroa (Neuqu\u00e9n), Ver\u00f3nica Figueroa (Salta), B\u00e1rbara Weinzettel (Santa Cruz) y Ver\u00f3nica Gonz\u00e1lez (Tierra del Fuego).<\/p>\n","protected":false},"excerpt":{"rendered":"<p>El ministro de Desarrollo Social, Daniel Arroyo, cumpli\u00f3 una jornada de trabajo con titulares del \u00e1rea de las provincias, con quienes analiz\u00f3 la marcha e implementaci\u00f3n de la tarjeta Alimentar y la vinculaci\u00f3n de planes sociales con trabajo como eje central de acci\u00f3n, de acuerdo a los anuncios que efectu\u00f3 desde diciembre pasado tanto esa cartera como el presidente Alberto Fern\u00e1ndez &nbsp; &#8220;Ya hay m\u00e1s de un mill\u00f3n de tarjetas Alimentar, las cuales permiten que las familias accedan a una alimentaci\u00f3n con calidad nutricional, y eso es gracias al trabajo&#8230;<\/p>\n","protected":false},"author":3,"featured_media":58410,"comment_status":"closed","ping_status":"closed","sticky":false,"template":"","format":"standard","meta":[],"categories":[18],"tags":[],"_links":{"self":[{"href":"https:\/\/www.actualidadadiario.com\/index.php\/wp-json\/wp\/v2\/posts\/58955"}],"collection":[{"href":"https:\/\/www.actualidadadiario.com\/index.php\/wp-json\/wp\/v2\/posts"}],"about":[{"href":"https:\/\/www.actualidadadiario.com\/index.php\/wp-json\/wp\/v2\/types\/post"}],"author":[{"embeddable":true,"href":"https:\/\/www.actualidadadiario.com\/index.php\/wp-json\/wp\/v2\/users\/3"}],"replies":[{"embeddable":true,"href":"https:\/\/www.actualidadadiario.com\/index.php\/wp-json\/wp\/v2\/comments?post=58955"}],"version-history":[{"count":1,"href":"https:\/\/www.actualidadadiario.com\/index.php\/wp-json\/wp\/v2\/posts\/58955\/revisions"}],"predecessor-version":[{"id":58956,"href":"https:\/\/www.actualidadadiario.com\/index.php\/wp-json\/wp\/v2\/posts\/58955\/revisions\/58956"}],"wp:featuredmedia":[{"embeddable":true,"href":"https:\/\/www.actualidadadiario.com\/index.php\/wp-json\/wp\/v2\/media\/58410"}],"wp:attachment":[{"href":"https:\/\/www.actualidadadiario.com\/index.php\/wp-json\/wp\/v2\/media?parent=58955"}],"wp:term":[{"taxonomy":"category","embeddable":true,"href":"https:\/\/www.actualidadadiario.com\/index.php\/wp-json\/wp\/v2\/categories?post=58955"},{"taxonomy":"post_tag","embeddable":true,"href":"https:\/\/www.actualidadadiario.com\/index.php\/wp-json\/wp\/v2\/tags?post=58955"}],"curies":[{"name":"wp","href":"https:\/\/api.w.org\/{rel}","templated":true}]}}