{"id":58952,"date":"2020-03-12T12:12:28","date_gmt":"2020-03-12T15:12:28","guid":{"rendered":"https:\/\/www.actualidadadiario.com\/?p=58952"},"modified":"2020-03-12T12:12:28","modified_gmt":"2020-03-12T15:12:28","slug":"la-fundacion-led-contabilizo-140-casos-de-ataques-a-la-libertad-de-expresion-en-argentina-en-2019","status":"publish","type":"post","link":"https:\/\/www.actualidadadiario.com\/index.php\/2020\/03\/12\/la-fundacion-led-contabilizo-140-casos-de-ataques-a-la-libertad-de-expresion-en-argentina-en-2019\/","title":{"rendered":"La Fundaci\u00f3n LED contabiliz\u00f3 140 casos de ataques a la libertad de expresi\u00f3n en Argentina en 2019"},"content":{"rendered":"<p style=\"text-align: center;\"><em><strong>En el informe destacan como hechos m\u00e1s negativos del a\u00f1o el procesamiento de Daniel Santoro y la idea de referentes pol\u00edticos del actual Gobierno de crear la &#8220;Conadep del periodismo&#8221;<\/strong><\/em><\/p>\n<p>&nbsp;<\/p>\n<p>&nbsp;<\/p>\n<p>La Fundaci\u00f3n LED Libertad de Expresi\u00f3n m\u00e1s Democracia present\u00f3 su informe anual sobre limitaciones al ejercicio de la libertad de expresi\u00f3n en Argentina durante el a\u00f1o 2019 y contabiliz\u00f3 140 casos de ataques a periodistas o medios.<\/p>\n<p>Entre ellos destac\u00f3 principalmente el caso del periodista Daniel Santoro, procesado en el marco de una investigaci\u00f3n sobre una supuesta red de espionaje que involucra a periodistas vinculados a un caso de extorsi\u00f3n, causa en la que tiene como principal protagonista al falso esp\u00eda- abogado Marcelo D&#8217;Alessio.<\/p>\n<p>En ese sentido, la fundaci\u00f3n tambi\u00e9n destac\u00f3 la idea que algunos referentes pol\u00edticos del actual Gobierno mencionaron sobre que estar\u00edan a favor de confeccionar una &#8220;Conadep del periodismo&#8221;.<\/p>\n<p>&#8220;En este informe en particular se registran una serie de casos que, luego de su an\u00e1lisis, han constituido un contexto de preocupaci\u00f3n para el ejercicio de la Libertad de Expresi\u00f3n debido al volumen que fueron tomando durante todo el a\u00f1o&#8221;, inici\u00f3.<\/p>\n<p>&#8220;Por un lado, el procesamiento del periodista Daniel Santoro en el marco de una investigaci\u00f3n sobre una supuesta red de espionaje que involucra a periodistas vinculados a un caso de extorsi\u00f3n, que ha incluido el requerimiento por parte del Juez Alejo Ramos Padilla a la Comisi\u00f3n Provincial de la Memoria para la realizaci\u00f3n de un informe sobre el contenido de art\u00edculos period\u00edsticos y la opini\u00f3n sobre los autores de los mismos a fin de vincularlos a tareas de inteligencia&#8221;, coment\u00f3 sobre uno de los casos m\u00e1s destacados.<\/p>\n<p>En esa l\u00ednea, sigui\u00f3: &#8220;Esta investigaci\u00f3n y el trabajo de la Comisi\u00f3n de la Memoria fue duramente cuestionado por organizaciones locales que nuclean medios y periodistas, tales como ADEPA, FOPEA, tambi\u00e9n por LED y por el Relator Especial para la Libertad de Expresi\u00f3n de la CIDH, Edison Lanza, quien en el mes de septiembre envi\u00f3 una solicitud de informaci\u00f3n sobre las derivaciones del caso. La afectaci\u00f3n de la libertad de prensa y la vulneraci\u00f3n del derecho de no publicidad de las fuentes se pone en riesgo seg\u00fan la evaluaci\u00f3n de estos organismos&#8221;.<\/p>\n<p>En cuanto al caso de la Conadep del periodismo, se\u00f1al\u00f3: &#8220;Por otro lado, en simult\u00e1neo con estos hechos, la idea propuesta y sostenida por algunos referentes del partido pol\u00edtico que a partir del 10 de diciembre del 2019 ejerce el gobierno, sobre la necesidad de crear una CONADEP para la evaluaci\u00f3n y eventual juzgamiento de periodistas, tambi\u00e9n gener\u00f3 un clima de alerta en la comunidad period\u00edstica&#8221;.<\/p>\n<p>La Fundaci\u00f3n LED tambi\u00e9n explic\u00f3 c\u00f3mo confecciona su informe anual que presenta desde su fundaci\u00f3n en 2011: &#8220;Como todos los a\u00f1os desde su creaci\u00f3n, LED recopila en su informe anual los distintos hechos que pueden constituir alg\u00fan tipo de restricci\u00f3n al acceso a la informaci\u00f3n, agresiones, intimidaciones a periodistas o trabajadores de prensa o cualquier otro tipo de situaci\u00f3n que pueda configurar censura en cualquier punto del territorio nacional&#8221;.<\/p>\n<p>Asimismo, aclararon que distinguen los casos en siete categor\u00edas y clasifican los hechos de agresiones f\u00edsicas, amenazas, hostigamiento y\/o encarcelaci\u00f3n de periodistas, restricci\u00f3n de acceso a la informaci\u00f3n y censura, y ataques instalaciones de medios de comunicaci\u00f3n. Tambi\u00e9n se se\u00f1ala, dentro del total de casos, una categor\u00eda que incluye declaraciones de organismos internacionales u organismos de Derechos Humanos que se dedican a la protecci\u00f3n de la libertad de expresi\u00f3n.<\/p>\n<p>&#8220;Para el a\u00f1o 2019, LED relev\u00f3 140 casos totales. La informaci\u00f3n a la que LED tuvo acceso, ya sea por denuncias que llegaron a la misma o por informaci\u00f3n publicada en distintos medios period\u00edsticos, registr\u00f3 para el a\u00f1o pasado 94 hechos de amenazas, intimidaciones, agresi\u00f3n f\u00edsica o verbal, hostigamiento, persecuci\u00f3n judicial y\/o encarcelamiento de periodistas. Adem\u00e1s, se contabilizaron 21 casos de censura o restricci\u00f3n de acceso a la informaci\u00f3n, 9 de ataques a instalaciones de medios de comunicaci\u00f3n y 16 declaraciones de distintos organismos sobre el ejercicio de la libertad de expresi\u00f3n en nuestro pa\u00eds&#8221;, informaron.<\/p>\n<p>Por otro lado, tambi\u00e9n destacaron un hecho en el sentido positivo para la libertad de expresi\u00f3n: &#8220;Como hechos relevantes del a\u00f1o 2019 LED destaca la jurisprudencia dictada por la Corte Suprema en fallos que ratifican la doctrina Campillay, o real malicia, como el fallo a favor del Diario La Arena de la Provincia de La Pampa, que ratifica en todo su sentido el alcance de la libertad de expresi\u00f3n en los casos de hechos o informaci\u00f3n que sea de inter\u00e9s p\u00fablico&#8221;.<\/p>\n<p>&#8220;Este fallo ratifica nuevamente como fallos anteriores del M\u00e1ximo Tribunal, la importancia que tiene el acceso a la informaci\u00f3n p\u00fablica y su trascendencia por sobre el inter\u00e9s de las personas que puedan haberse sentido afectadas por informaci\u00f3n period\u00edstica al estar involucradas en hechos o situaciones que sean de inter\u00e9s para toda la poblaci\u00f3n&#8221;, sentenciaron.<\/p>\n","protected":false},"excerpt":{"rendered":"<p>En el informe destacan como hechos m\u00e1s negativos del a\u00f1o el procesamiento de Daniel Santoro y la idea de referentes pol\u00edticos del actual Gobierno de crear la &#8220;Conadep del periodismo&#8221; &nbsp; &nbsp; La Fundaci\u00f3n LED Libertad de Expresi\u00f3n m\u00e1s Democracia present\u00f3 su informe anual sobre limitaciones al ejercicio de la libertad de expresi\u00f3n en Argentina durante el a\u00f1o 2019 y contabiliz\u00f3 140 casos de ataques a periodistas o medios. Entre ellos destac\u00f3 principalmente el caso del periodista Daniel Santoro, procesado en el marco de una investigaci\u00f3n sobre una supuesta red&#8230;<\/p>\n","protected":false},"author":3,"featured_media":58953,"comment_status":"closed","ping_status":"closed","sticky":false,"template":"","format":"standard","meta":[],"categories":[9],"tags":[],"_links":{"self":[{"href":"https:\/\/www.actualidadadiario.com\/index.php\/wp-json\/wp\/v2\/posts\/58952"}],"collection":[{"href":"https:\/\/www.actualidadadiario.com\/index.php\/wp-json\/wp\/v2\/posts"}],"about":[{"href":"https:\/\/www.actualidadadiario.com\/index.php\/wp-json\/wp\/v2\/types\/post"}],"author":[{"embeddable":true,"href":"https:\/\/www.actualidadadiario.com\/index.php\/wp-json\/wp\/v2\/users\/3"}],"replies":[{"embeddable":true,"href":"https:\/\/www.actualidadadiario.com\/index.php\/wp-json\/wp\/v2\/comments?post=58952"}],"version-history":[{"count":1,"href":"https:\/\/www.actualidadadiario.com\/index.php\/wp-json\/wp\/v2\/posts\/58952\/revisions"}],"predecessor-version":[{"id":58954,"href":"https:\/\/www.actualidadadiario.com\/index.php\/wp-json\/wp\/v2\/posts\/58952\/revisions\/58954"}],"wp:featuredmedia":[{"embeddable":true,"href":"https:\/\/www.actualidadadiario.com\/index.php\/wp-json\/wp\/v2\/media\/58953"}],"wp:attachment":[{"href":"https:\/\/www.actualidadadiario.com\/index.php\/wp-json\/wp\/v2\/media?parent=58952"}],"wp:term":[{"taxonomy":"category","embeddable":true,"href":"https:\/\/www.actualidadadiario.com\/index.php\/wp-json\/wp\/v2\/categories?post=58952"},{"taxonomy":"post_tag","embeddable":true,"href":"https:\/\/www.actualidadadiario.com\/index.php\/wp-json\/wp\/v2\/tags?post=58952"}],"curies":[{"name":"wp","href":"https:\/\/api.w.org\/{rel}","templated":true}]}}