{"id":58949,"date":"2020-03-12T12:11:43","date_gmt":"2020-03-12T15:11:43","guid":{"rendered":"https:\/\/www.actualidadadiario.com\/?p=58949"},"modified":"2020-03-12T12:11:43","modified_gmt":"2020-03-12T15:11:43","slug":"decreto-de-aislamiento-obligatorio","status":"publish","type":"post","link":"https:\/\/www.actualidadadiario.com\/index.php\/2020\/03\/12\/decreto-de-aislamiento-obligatorio\/","title":{"rendered":"Decreto de aislamiento obligatorio"},"content":{"rendered":"<p style=\"text-align: center;\"><em><strong>La medida se dio a conocer hoy y recaer\u00e1 en todas aquellas que provengan de las \u00e1reas afectadas por el coronavirus<\/strong><\/em><\/p>\n<p>&nbsp;<\/p>\n<p>&nbsp;<\/p>\n<p>El presidente Alberto Fern\u00e1ndez firm\u00f3 un Decreto de Necesidad y Urgencia (DNU) de aislamiento obligatorio para todas aquellas personas que provengan de las \u00e1reas afectadas por el coronavirus. Todo aquel que haya estado en algunos de los pa\u00edses impactados con la enfermedad deber\u00e1 aislarse por catorce d\u00edas. \u201cEs posible que el virus ya se haya vuelto aut\u00f3ctono\u201d, admiti\u00f3 el Presidente.<\/p>\n<p>La resoluci\u00f3n se dar\u00eda a conocer en las pr\u00f3ximas horas en el Bolet\u00edn Oficial. De acuerdo a lo que trascendi\u00f3 en las \u00faltimas horas, el DNU penar\u00e1 con dos a\u00f1os de prisi\u00f3n para todos aquellos que incumplan con la cuarentena obligatoria que establecer\u00e1 la propia resoluci\u00f3n. Adem\u00e1s, se prev\u00e9n multas de \u00edndole econ\u00f3mica a cualquiera que haya estado de viaje en algunas de las \u00e1reas afectados y no se haya aislado.<\/p>\n<p>Asimismo, el Decreto de Necesidad y Urgencia hace referencia a la poblaci\u00f3n mayor de 65 a\u00f1os, quienes son los m\u00e1s afectados por la enfermedad. A este grupo de personas se les recomendar\u00e1 un \u201caislamiento social\u201d. Adem\u00e1s, se propondr\u00e1 una especie de \u201cprecios cuidados\u201d para los productos de higiene contra el virus que se propag\u00f3 desde Wuhan -China- hasta el mundo.<\/p>\n<p>&nbsp;<\/p>\n<p><strong>Alberto Fern\u00e1ndez en C5N<\/strong><\/p>\n<p>\u201cEs un virus que tiene la capacidad de desarrollarse en el fr\u00edo\u201d, indic\u00f3 el Presidente en C5N. \u201cNosotros, como toda Latinoam\u00e9rica, pensamos que mientras estuvi\u00e9ramos en verano, la posibilidad de llegada era m\u00ednima\u201d, reconoci\u00f3 Fern\u00e1ndez. \u201cDonde hab\u00eda riesgo de fr\u00edo, s\u00ed actuamos, caso Ant\u00e1rtida Argentina donde lo advertimos hace dos meses\u201d, explic\u00f3 el Jefe de Estado.<\/p>\n<p>\u201cToda persona que venga de los lugares de riesgo, indefectiblemente, tienen que llegar y encerrarse 14 d\u00edas\u201d, expres\u00f3 Alberto Fern\u00e1ndez en el programa \u201cADN\u201d. \u201cEse tiempo no se puede quebrar\u201d, continu\u00f3 el Presidente. \u201cSi una persona rompe la cuarentena ser\u00e1 denunciada ante la Justicia por el delito contra la salud p\u00fablica\u201d, asegur\u00f3 el Jefe de Estado Nacional. \u201cDe otro modo, podr\u00eda propagar el contagio contra la comunidad\u201d, afirm\u00f3<\/p>\n","protected":false},"excerpt":{"rendered":"<p>La medida se dio a conocer hoy y recaer\u00e1 en todas aquellas que provengan de las \u00e1reas afectadas por el coronavirus &nbsp; &nbsp; El presidente Alberto Fern\u00e1ndez firm\u00f3 un Decreto de Necesidad y Urgencia (DNU) de aislamiento obligatorio para todas aquellas personas que provengan de las \u00e1reas afectadas por el coronavirus. Todo aquel que haya estado en algunos de los pa\u00edses impactados con la enfermedad deber\u00e1 aislarse por catorce d\u00edas. \u201cEs posible que el virus ya se haya vuelto aut\u00f3ctono\u201d, admiti\u00f3 el Presidente. La resoluci\u00f3n se dar\u00eda a conocer en&#8230;<\/p>\n","protected":false},"author":3,"featured_media":58950,"comment_status":"closed","ping_status":"closed","sticky":false,"template":"","format":"standard","meta":[],"categories":[9],"tags":[],"_links":{"self":[{"href":"https:\/\/www.actualidadadiario.com\/index.php\/wp-json\/wp\/v2\/posts\/58949"}],"collection":[{"href":"https:\/\/www.actualidadadiario.com\/index.php\/wp-json\/wp\/v2\/posts"}],"about":[{"href":"https:\/\/www.actualidadadiario.com\/index.php\/wp-json\/wp\/v2\/types\/post"}],"author":[{"embeddable":true,"href":"https:\/\/www.actualidadadiario.com\/index.php\/wp-json\/wp\/v2\/users\/3"}],"replies":[{"embeddable":true,"href":"https:\/\/www.actualidadadiario.com\/index.php\/wp-json\/wp\/v2\/comments?post=58949"}],"version-history":[{"count":1,"href":"https:\/\/www.actualidadadiario.com\/index.php\/wp-json\/wp\/v2\/posts\/58949\/revisions"}],"predecessor-version":[{"id":58951,"href":"https:\/\/www.actualidadadiario.com\/index.php\/wp-json\/wp\/v2\/posts\/58949\/revisions\/58951"}],"wp:featuredmedia":[{"embeddable":true,"href":"https:\/\/www.actualidadadiario.com\/index.php\/wp-json\/wp\/v2\/media\/58950"}],"wp:attachment":[{"href":"https:\/\/www.actualidadadiario.com\/index.php\/wp-json\/wp\/v2\/media?parent=58949"}],"wp:term":[{"taxonomy":"category","embeddable":true,"href":"https:\/\/www.actualidadadiario.com\/index.php\/wp-json\/wp\/v2\/categories?post=58949"},{"taxonomy":"post_tag","embeddable":true,"href":"https:\/\/www.actualidadadiario.com\/index.php\/wp-json\/wp\/v2\/tags?post=58949"}],"curies":[{"name":"wp","href":"https:\/\/api.w.org\/{rel}","templated":true}]}}