{"id":58943,"date":"2020-03-12T12:09:27","date_gmt":"2020-03-12T15:09:27","guid":{"rendered":"https:\/\/www.actualidadadiario.com\/?p=58943"},"modified":"2020-03-12T12:09:27","modified_gmt":"2020-03-12T15:09:27","slug":"el-indec-revela-hoy-de-cuanto-fue-la-inflacion-de-febrero","status":"publish","type":"post","link":"https:\/\/www.actualidadadiario.com\/index.php\/2020\/03\/12\/el-indec-revela-hoy-de-cuanto-fue-la-inflacion-de-febrero\/","title":{"rendered":"El INDEC revela hoy de cu\u00e1nto fue la inflaci\u00f3n de febrero"},"content":{"rendered":"<p style=\"text-align: center;\"><em><strong>Seg\u00fan proyecciones oficiales y de privados, el indicador estar\u00e1 por debajo de 2%<\/strong><\/em><\/p>\n<p>&nbsp;<\/p>\n<p>El Instituto Nacional de Estad\u00edstica y Censos (INDEC) publicar\u00e1 esta tarde el \u00edndice de precios al consumidor (IPC) de febrero. Seg\u00fan c\u00e1lculos oficiales y privados, el indicador del mes pasado ser\u00e1 menor a 2%. Los analistas advierten que la inflaci\u00f3n se est\u00e1 desacelerando, ya que en enero registr\u00f3 una variaci\u00f3n mensual de 2,3%.<\/p>\n<p>El organismo conducida por Marco Lavagna difundir\u00e1 el informe sobre el IPC de febrero a las 16.00 en su sitio web. La entidad divulgar\u00e1 adem\u00e1s otros dos documentos esta tarde. Por un lado, presentar\u00e1 la utilizaci\u00f3n de la capacidad instalada en la industria (UCII) de enero. Por el otro, revelar\u00e1 el indicador sint\u00e9tico de servicios p\u00fablicos (ISSP) de diciembre de 2019.<\/p>\n<p>Diversos analistas estudiaron la evoluci\u00f3n de los precios durante el mes pasado para conocer el avance de la inflaci\u00f3n. De acuerdo con el Instituto Estad\u00edstico de los Trabajadores (IET), el \u00edndice fue de 1,7%, el porcentaje m\u00e1s bajo desde noviembre de 2017. La instituci\u00f3n tambi\u00e9n calcul\u00f3 que la variaci\u00f3n interanual se ubic\u00f3 en 49,7%.<\/p>\n<p>La entidad que depende de la Universidad Metropolitana para la Educaci\u00f3n y el Trabajo (UMET) advirti\u00f3 que el rubro que m\u00e1s se encareci\u00f3 fue el de alimentos y bebidas. Los precios de este sector aumentaron 3,3%. La consultora Focus Market coincidi\u00f3 en este an\u00e1lisis y detall\u00f3 que los art\u00edculos que m\u00e1s subieron fueron el az\u00facar, el pan de molde, los leudantes y los pa\u00f1ales.<\/p>\n<p>El \u00faltimo Relevamiento de Expectativas de Mercado (REM), del Banco Central, proyect\u00f3 que la inflaci\u00f3n de este a\u00f1o ser\u00e1 de 40%. En ese escenario, el presidente del organismo, Miguel Pesce, vaticin\u00f3 que el IPC de febrero ser\u00e1 menor a 2%. El economista asegur\u00f3 que el Gobierno \u201cest\u00e1 trabajando para reducir la inflaci\u00f3n inercial\u201c, fen\u00f3meno impulsado por las \u201cfuertes devaluaciones y ajustes de tarifas\u201d.<\/p>\n","protected":false},"excerpt":{"rendered":"<p>Seg\u00fan proyecciones oficiales y de privados, el indicador estar\u00e1 por debajo de 2% &nbsp; El Instituto Nacional de Estad\u00edstica y Censos (INDEC) publicar\u00e1 esta tarde el \u00edndice de precios al consumidor (IPC) de febrero. Seg\u00fan c\u00e1lculos oficiales y privados, el indicador del mes pasado ser\u00e1 menor a 2%. Los analistas advierten que la inflaci\u00f3n se est\u00e1 desacelerando, ya que en enero registr\u00f3 una variaci\u00f3n mensual de 2,3%. El organismo conducida por Marco Lavagna difundir\u00e1 el informe sobre el IPC de febrero a las 16.00 en su sitio web. La entidad&#8230;<\/p>\n","protected":false},"author":3,"featured_media":15563,"comment_status":"closed","ping_status":"closed","sticky":false,"template":"","format":"standard","meta":[],"categories":[2],"tags":[],"_links":{"self":[{"href":"https:\/\/www.actualidadadiario.com\/index.php\/wp-json\/wp\/v2\/posts\/58943"}],"collection":[{"href":"https:\/\/www.actualidadadiario.com\/index.php\/wp-json\/wp\/v2\/posts"}],"about":[{"href":"https:\/\/www.actualidadadiario.com\/index.php\/wp-json\/wp\/v2\/types\/post"}],"author":[{"embeddable":true,"href":"https:\/\/www.actualidadadiario.com\/index.php\/wp-json\/wp\/v2\/users\/3"}],"replies":[{"embeddable":true,"href":"https:\/\/www.actualidadadiario.com\/index.php\/wp-json\/wp\/v2\/comments?post=58943"}],"version-history":[{"count":1,"href":"https:\/\/www.actualidadadiario.com\/index.php\/wp-json\/wp\/v2\/posts\/58943\/revisions"}],"predecessor-version":[{"id":58944,"href":"https:\/\/www.actualidadadiario.com\/index.php\/wp-json\/wp\/v2\/posts\/58943\/revisions\/58944"}],"wp:featuredmedia":[{"embeddable":true,"href":"https:\/\/www.actualidadadiario.com\/index.php\/wp-json\/wp\/v2\/media\/15563"}],"wp:attachment":[{"href":"https:\/\/www.actualidadadiario.com\/index.php\/wp-json\/wp\/v2\/media?parent=58943"}],"wp:term":[{"taxonomy":"category","embeddable":true,"href":"https:\/\/www.actualidadadiario.com\/index.php\/wp-json\/wp\/v2\/categories?post=58943"},{"taxonomy":"post_tag","embeddable":true,"href":"https:\/\/www.actualidadadiario.com\/index.php\/wp-json\/wp\/v2\/tags?post=58943"}],"curies":[{"name":"wp","href":"https:\/\/api.w.org\/{rel}","templated":true}]}}