{"id":58940,"date":"2020-03-12T12:08:49","date_gmt":"2020-03-12T15:08:49","guid":{"rendered":"https:\/\/www.actualidadadiario.com\/?p=58940"},"modified":"2020-03-12T12:08:49","modified_gmt":"2020-03-12T15:08:49","slug":"coronavirus-el-gobierno-congelo-el-precio-del-alcohol-en-gel-por-90-dias","status":"publish","type":"post","link":"https:\/\/www.actualidadadiario.com\/index.php\/2020\/03\/12\/coronavirus-el-gobierno-congelo-el-precio-del-alcohol-en-gel-por-90-dias\/","title":{"rendered":"Coronavirus: el Gobierno congel\u00f3 el precio del alcohol en gel por 90 d\u00edas"},"content":{"rendered":"<p style=\"text-align: center;\"><em><strong>Ser\u00e1 para todas sus presentaciones y cuya comercializaci\u00f3n se encuentre autorizada en el pa\u00eds<\/strong><\/em><\/p>\n<p>&nbsp;<\/p>\n<p>&nbsp;<\/p>\n<p>El Ministerio de Desarrollo Productivo estableci\u00f3 la retrocesi\u00f3n transitoria del precio de venta del alcohol en gel. Ser\u00e1 para todas sus presentaciones y cuya comercializaci\u00f3n se encuentre autorizada en el pa\u00eds, a los valores vigentes al d\u00eda 15 de febrero de 2020. La medida fue publicada este jueves en el Bolet\u00edn Oficial, mediante la resoluci\u00f3n 86\/2020.<\/p>\n<p>En medio del brote de coronavirus a nivel mundial, desde la Secretar\u00eda de Comercio Interior fijaron esta norma. Los precios de venta no podr\u00e1n ser alterados durante un per\u00edodo de 90 d\u00edas corridos. Contados a partir de la entrada en vigencia de la presente resoluci\u00f3n. Tambi\u00e9n rige para las empresas que forman parte integrante de la cadena de producci\u00f3n, distribuci\u00f3n y comercializaci\u00f3n del alcohol en gel y sus insumos.<\/p>\n<p>Las mismas deber\u00e1n incrementar la producci\u00f3n de tales bienes hasta el m\u00e1ximo de su capacidad. Todo durante el per\u00edodo de vigencia de la presente medida. Adem\u00e1s, las compa\u00f1\u00edas tendr\u00e1n que informar semanalmente a la Subsecretar\u00eda de Acciones para la Defensa de Las y Los Consumidores la informaci\u00f3n ser\u00e1 referida a los precios de venta de tales bienes.<\/p>\n<p>&nbsp;<\/p>\n<p><strong>El argumento del Gobierno<\/strong><\/p>\n<p>De este modo, el Gobierno Nacional explica que \u201cdebe garantizar los derechos esenciales de la poblaci\u00f3n y su goce efectivo\u201d. Siendo un inter\u00e9s prioritario tener asegurado el acceso sin restricciones a los bienes b\u00e1sicos. \u201cEspecialmente aquellos tendientes a la protecci\u00f3n de la salud individual y colectiva\u201d. En este marco, el coronavirus fue declarado pandemia por la Organizaci\u00f3n Mundial de la Salud.<\/p>\n<p>Adem\u00e1s, argumentaron que \u201ccorresponde extremar la m\u00e1s activa intervenci\u00f3n de las autoridades. Ante la situaci\u00f3n excepcional derivada de la cr\u00edtica situaci\u00f3n sanitaria provocada por el Coronavirus (COVID-19). Cuya propagaci\u00f3n a nivel mundial resulta de p\u00fablico conocimiento\u201d. As\u00ed, manifestaron la necesidad de \u201ccoordinar esfuerzos en aras de proteger la salud de la poblaci\u00f3n. Y mitigar los efectos perjudiciales de esta situaci\u00f3n epidemiol\u00f3gica\u201d.<\/p>\n","protected":false},"excerpt":{"rendered":"<p>Ser\u00e1 para todas sus presentaciones y cuya comercializaci\u00f3n se encuentre autorizada en el pa\u00eds &nbsp; &nbsp; El Ministerio de Desarrollo Productivo estableci\u00f3 la retrocesi\u00f3n transitoria del precio de venta del alcohol en gel. Ser\u00e1 para todas sus presentaciones y cuya comercializaci\u00f3n se encuentre autorizada en el pa\u00eds, a los valores vigentes al d\u00eda 15 de febrero de 2020. La medida fue publicada este jueves en el Bolet\u00edn Oficial, mediante la resoluci\u00f3n 86\/2020. En medio del brote de coronavirus a nivel mundial, desde la Secretar\u00eda de Comercio Interior fijaron esta norma&#8230;.<\/p>\n","protected":false},"author":3,"featured_media":58941,"comment_status":"closed","ping_status":"closed","sticky":false,"template":"","format":"standard","meta":[],"categories":[2],"tags":[],"_links":{"self":[{"href":"https:\/\/www.actualidadadiario.com\/index.php\/wp-json\/wp\/v2\/posts\/58940"}],"collection":[{"href":"https:\/\/www.actualidadadiario.com\/index.php\/wp-json\/wp\/v2\/posts"}],"about":[{"href":"https:\/\/www.actualidadadiario.com\/index.php\/wp-json\/wp\/v2\/types\/post"}],"author":[{"embeddable":true,"href":"https:\/\/www.actualidadadiario.com\/index.php\/wp-json\/wp\/v2\/users\/3"}],"replies":[{"embeddable":true,"href":"https:\/\/www.actualidadadiario.com\/index.php\/wp-json\/wp\/v2\/comments?post=58940"}],"version-history":[{"count":1,"href":"https:\/\/www.actualidadadiario.com\/index.php\/wp-json\/wp\/v2\/posts\/58940\/revisions"}],"predecessor-version":[{"id":58942,"href":"https:\/\/www.actualidadadiario.com\/index.php\/wp-json\/wp\/v2\/posts\/58940\/revisions\/58942"}],"wp:featuredmedia":[{"embeddable":true,"href":"https:\/\/www.actualidadadiario.com\/index.php\/wp-json\/wp\/v2\/media\/58941"}],"wp:attachment":[{"href":"https:\/\/www.actualidadadiario.com\/index.php\/wp-json\/wp\/v2\/media?parent=58940"}],"wp:term":[{"taxonomy":"category","embeddable":true,"href":"https:\/\/www.actualidadadiario.com\/index.php\/wp-json\/wp\/v2\/categories?post=58940"},{"taxonomy":"post_tag","embeddable":true,"href":"https:\/\/www.actualidadadiario.com\/index.php\/wp-json\/wp\/v2\/tags?post=58940"}],"curies":[{"name":"wp","href":"https:\/\/api.w.org\/{rel}","templated":true}]}}