{"id":58933,"date":"2020-03-12T12:06:33","date_gmt":"2020-03-12T15:06:33","guid":{"rendered":"https:\/\/www.actualidadadiario.com\/?p=58933"},"modified":"2020-03-12T12:06:33","modified_gmt":"2020-03-12T15:06:33","slug":"cuarentena-obligatoria-para-quienes-regresen-de-los-paises-mas-afectados","status":"publish","type":"post","link":"https:\/\/www.actualidadadiario.com\/index.php\/2020\/03\/12\/cuarentena-obligatoria-para-quienes-regresen-de-los-paises-mas-afectados\/","title":{"rendered":"Cuarentena obligatoria para quienes regresen de los pa\u00edses m\u00e1s afectados"},"content":{"rendered":"<p style=\"text-align: center;\"><em><strong>Ser\u00e1 por 15 d\u00edas. Es para quienes haya estado en China, Corea del Sur, Jap\u00f3n, Ir\u00e1n, Italia, Espa\u00f1a, Francia, Alemania y Estados Unidos<\/strong><\/em><\/p>\n<p>&nbsp;<\/p>\n<p>&nbsp;<\/p>\n<p>El Gobierno anunci\u00f3 que en las pr\u00f3ximas horas se dar\u00e1 a conocer un decreto mediante el cual se establecer\u00e1 la &#8220;obligatoriedad&#8221; de hacer cuarentena de unos 15 d\u00edas para aquellas personas que provengan de pa\u00edses donde circula el coronavirus.<\/p>\n<p>Fuentes oficiales indicaron que la normativa saldr\u00e1 en breve y precisaron que todav\u00eda en el pa\u00eds &#8220;no hay ning\u00fan caso aut\u00f3ctono&#8221;.<\/p>\n<p>Para la implementaci\u00f3n de dicha medida que estar\u00e1 a la firma del presidente Alberto Fern\u00e1ndez, trabajan la Secretar\u00eda Legal y T\u00e9cnica, junto a la Jefatura de Gabinete, y los ministerios de Salud y Justicia.<\/p>\n<p>Por la ma\u00f1ana, el director general de la Organizaci\u00f3n Mundial de la Salud (OMS), Tedros Adhanom Ghebreyesus, declar\u00f3 al nuevo coronavirus como una pandemia debido a los &#8220;niveles alarmantes de propagaci\u00f3n y gravedad&#8221;. .<\/p>\n<p>En ese marco, dentro de las medidas que el Gobierno nacional dar\u00e1 a conocer se prev\u00e9n sanciones en el marco de los delitos contra la salud p\u00fablica, establecidos en el C\u00f3digo Penal.<\/p>\n<p>As\u00ed lo confirm\u00f3 una alta fuente gubernamental, haciendo alusi\u00f3n al art\u00edculo 202 de dicho c\u00f3digo.<\/p>\n<p>Por otra parte, se pedir\u00e1 a las provincias que eviten hacer actos masivos, como ya lo hicieron Catamarca y R\u00edo Negro.<\/p>\n<p>El decreto obligar\u00eda a una cuarentena de 15 d\u00edas para las personas que llegan a la Argentina desde los pa\u00edses con circulaci\u00f3n de la pandemia, como China (en la ciudad de Wuhan se origin\u00f3 esta nueva cepa), Corea del Sur, Jap\u00f3n, Ir\u00e1n, Italia, Espa\u00f1a, Francia, Alemania y Estados Unidos.<\/p>\n","protected":false},"excerpt":{"rendered":"<p>Ser\u00e1 por 15 d\u00edas. Es para quienes haya estado en China, Corea del Sur, Jap\u00f3n, Ir\u00e1n, Italia, Espa\u00f1a, Francia, Alemania y Estados Unidos &nbsp; &nbsp; El Gobierno anunci\u00f3 que en las pr\u00f3ximas horas se dar\u00e1 a conocer un decreto mediante el cual se establecer\u00e1 la &#8220;obligatoriedad&#8221; de hacer cuarentena de unos 15 d\u00edas para aquellas personas que provengan de pa\u00edses donde circula el coronavirus. Fuentes oficiales indicaron que la normativa saldr\u00e1 en breve y precisaron que todav\u00eda en el pa\u00eds &#8220;no hay ning\u00fan caso aut\u00f3ctono&#8221;. Para la implementaci\u00f3n de dicha&#8230;<\/p>\n","protected":false},"author":3,"featured_media":58934,"comment_status":"closed","ping_status":"closed","sticky":false,"template":"","format":"standard","meta":[],"categories":[9],"tags":[],"_links":{"self":[{"href":"https:\/\/www.actualidadadiario.com\/index.php\/wp-json\/wp\/v2\/posts\/58933"}],"collection":[{"href":"https:\/\/www.actualidadadiario.com\/index.php\/wp-json\/wp\/v2\/posts"}],"about":[{"href":"https:\/\/www.actualidadadiario.com\/index.php\/wp-json\/wp\/v2\/types\/post"}],"author":[{"embeddable":true,"href":"https:\/\/www.actualidadadiario.com\/index.php\/wp-json\/wp\/v2\/users\/3"}],"replies":[{"embeddable":true,"href":"https:\/\/www.actualidadadiario.com\/index.php\/wp-json\/wp\/v2\/comments?post=58933"}],"version-history":[{"count":1,"href":"https:\/\/www.actualidadadiario.com\/index.php\/wp-json\/wp\/v2\/posts\/58933\/revisions"}],"predecessor-version":[{"id":58935,"href":"https:\/\/www.actualidadadiario.com\/index.php\/wp-json\/wp\/v2\/posts\/58933\/revisions\/58935"}],"wp:featuredmedia":[{"embeddable":true,"href":"https:\/\/www.actualidadadiario.com\/index.php\/wp-json\/wp\/v2\/media\/58934"}],"wp:attachment":[{"href":"https:\/\/www.actualidadadiario.com\/index.php\/wp-json\/wp\/v2\/media?parent=58933"}],"wp:term":[{"taxonomy":"category","embeddable":true,"href":"https:\/\/www.actualidadadiario.com\/index.php\/wp-json\/wp\/v2\/categories?post=58933"},{"taxonomy":"post_tag","embeddable":true,"href":"https:\/\/www.actualidadadiario.com\/index.php\/wp-json\/wp\/v2\/tags?post=58933"}],"curies":[{"name":"wp","href":"https:\/\/api.w.org\/{rel}","templated":true}]}}