{"id":58931,"date":"2020-03-12T12:05:27","date_gmt":"2020-03-12T15:05:27","guid":{"rendered":"https:\/\/www.actualidadadiario.com\/?p=58931"},"modified":"2020-03-12T12:05:27","modified_gmt":"2020-03-12T15:05:27","slug":"ingreso-un-proyecto-para-ampliar-a-24-el-numero-de-comisiones-en-la-camara-de-diputados","status":"publish","type":"post","link":"https:\/\/www.actualidadadiario.com\/index.php\/2020\/03\/12\/ingreso-un-proyecto-para-ampliar-a-24-el-numero-de-comisiones-en-la-camara-de-diputados\/","title":{"rendered":"Ingres\u00f3 un proyecto para ampliar a 24 el n\u00famero de comisiones en la C\u00e1mara de Diputados"},"content":{"rendered":"<p style=\"text-align: center;\"><em><strong>Ingres\u00f3 a la C\u00e1mara de Diputados un proyecto que propone incrementar el n\u00famero de comisiones legislativas de 11 a 24. \u201cEl objetivo es adecuar la organizaci\u00f3n interna de funcionamiento de esta C\u00e1mara de Diputados a las demandas de la sociedad\u201d, se indica en la iniciativa<\/strong><\/em><\/p>\n<p>&nbsp;<\/p>\n<p>&nbsp;<\/p>\n<p>El proyecto propone modificar el Art\u00edculo 42\u00ba del Reglamento de la C\u00e1mara, aumentando de 11 a 24 la cantidad de comisiones permanentes.<\/p>\n<p>Algunas de las 11 existentes se mantendr\u00e1n y otras se desglosar\u00e1n: \u201cEl objetivo es adecuar la organizaci\u00f3n interna de funcionamiento de esta C\u00e1mara de Diputados a las demandas de nuestra sociedad\u201d, se indica en la iniciativa que impulsa el presidente de la C\u00e1mara, \u00c1ngel Giano, y acompa\u00f1an como coautores los presidentes de los distintos bloques, Juan Reynaldo Navarro, Gustavo Cusinato, Esteban Vitor y Juan Domingo Zacar\u00edas.<\/p>\n<p>&nbsp;<\/p>\n<p><strong>Las 24 comisiones legislativas que propone el proyecto son las siguientes:<\/strong><\/p>\n<ol>\n<li>Asuntos Constitucionales, Juicio Pol\u00edtico y Peticiones, Poderes y Reglamento.<\/li>\n<li>Hacienda, Presupuesto y Cuentas.<\/li>\n<li>Legislaci\u00f3n General.<\/li>\n<li>Legislaci\u00f3n Agraria<\/li>\n<li>Tierras<\/li>\n<li>Econom\u00edas Regionales.<\/li>\n<li>Comercio, Industria y Producci\u00f3n<\/li>\n<li>Trabajo<\/li>\n<li>Previsi\u00f3n y Seguridad Social<\/li>\n<li>Obras P\u00fablicas y Planeamiento<\/li>\n<li>Recursos Naturales y Ambiente<\/li>\n<li>Salud P\u00fablica<\/li>\n<li>Desarrollo Social<\/li>\n<li>Educaci\u00f3n, Ciencia y Tecnolog\u00eda.<\/li>\n<li>Asuntos Municipales y Comunales.<\/li>\n<li>Comunicaciones y Transporte<\/li>\n<li>Energ\u00eda<\/li>\n<li>Asuntos Internacionales.<\/li>\n<li>Asuntos Cooperativos y Mutuales<\/li>\n<li>Cultura, Turismo<\/li>\n<li>Deportes<\/li>\n<li>Banca de las Mujeres, G\u00e9neros y Diversidad<\/li>\n<li>Seguridad<\/li>\n<li>Defensa del Consumidor y Lealtad Comercial<\/li>\n<\/ol>\n<p>&nbsp;<\/p>\n<p><strong>En tanto que las Bicamerales son:<\/strong><\/p>\n<ol>\n<li>Biblioteca.<\/li>\n<li>Derechos Humanos.<\/li>\n<li>Regi\u00f3n Centro de la Argentina (Ley Nro. 9557).<\/li>\n<li>Seguimiento, Evaluaci\u00f3n y Control del Proyecto Institucional de la Universidad Aut\u00f3noma de Entre R\u00edos (Uader) &#8211; (Ley Nro. 9250).<\/li>\n<li>Asuntos para la Integraci\u00f3n Regional y Acuerdos Internacionales (Ley Nro. 9658).<\/li>\n<li>Del Defensor del Pueblo (Ley Nro. 9931).<\/li>\n<\/ol>\n<p>&nbsp;<\/p>\n<p>\u201cCada una de las comisiones se compondr\u00e1 de un m\u00ednimo de cinco miembros y durar\u00e1n un a\u00f1o en sus funciones. Si se conformaran con m\u00e1s diputados deber\u00e1n ser n\u00famero impar y el oficialismo debe contar con mayor\u00eda.<\/p>\n<p>Al momento de definir qui\u00e9nes van a presidir las comisiones, se deber\u00e1 respetar la paridad de g\u00e9nero, en un porcentaje del 50%.<\/p>\n<p>&nbsp;<\/p>\n<p><strong>Fundamentos<\/strong><\/p>\n<p>En los fundamentos de la iniciativa, se se\u00f1ala que \u201cresulta necesaria una nueva disposici\u00f3n de las comisiones, redistribuyendo su capacidad tem\u00e1tica e incorporando nuevas contingencias que deben ser consideradas especialmente por esta C\u00e1mara\u201d.<\/p>\n<p>Cabe mencionar que algunas de las comisiones preexistentes se han mantenido conforme su redacci\u00f3n original: Asuntos Constitucionales, Juicio Pol\u00edtico y Peticiones, Poderes y Reglamento; Hacienda, Presupuesto y Cuentas; Legislaci\u00f3n General; Educaci\u00f3n, Ciencia y Tecnolog\u00eda y Asuntos Municipales y Comunales.<\/p>\n<p>En relaci\u00f3n a este esquema, el resto de las comisiones se han modificado o escindido, como es el caso (entre otras) de Obras P\u00fablicas y Planeamiento; Desarrollo Social; Asuntos Internacionales; Cultura y Turismo o Asuntos Cooperativos y Mutualidades entre otros.<\/p>\n<p>&nbsp;<\/p>\n<p><strong>Nueva comisi\u00f3n: Banca de las mujeres, g\u00e9neros y diversidad<\/strong><\/p>\n<p>Desde el punto de vista de la innovaci\u00f3n reglamentaria se han incorporado, por ejemplo, la Comisi\u00f3n que se denominar\u00e1 Banca de las Mujeres, G\u00e9neros y Diversidad.<\/p>\n<p>Velar\u00e1 \u201cpor la igualdad de oportunidades y trato; el reconocimiento y accesibilidad al goce de derechos con atenci\u00f3n a las situaciones espec\u00edficas de las mujeres y la diversidad; por la discriminaci\u00f3n de cualquier tipo en \u00e1mbitos p\u00fablicos y\/o privados en raz\u00f3n del g\u00e9nero; y lo referente al Estado y la condici\u00f3n e integraci\u00f3n de las personas en el conjunto de la sociedad\u201d.<\/p>\n<p>En la iniciativa se indica que \u201cel objetivo es adecuar la organizaci\u00f3n interna de funcionamiento de esta C\u00e1mara de Diputados a las demandas de nuestra sociedad, y en particular de las mujeres y dem\u00e1s colectivos de la diversidad para garantizar y ampliar derechos\u201d.<\/p>\n<p>\u201cEsta es una forma m\u00e1s de construir una C\u00e1mara con perspectiva de g\u00e9nero para que tenga mejores alcances y competencias. El nombre de la nueva comisi\u00f3n no se limitar\u00e1 solo a temas vinculados con las mujeres y diversidad, sino que se propone incorporar la igualdad de g\u00e9neros en su m\u00e1s amplio sentido, respetando el derecho a la identidad de las personas\u201d, se se\u00f1ala.<\/p>\n","protected":false},"excerpt":{"rendered":"<p>Ingres\u00f3 a la C\u00e1mara de Diputados un proyecto que propone incrementar el n\u00famero de comisiones legislativas de 11 a 24. \u201cEl objetivo es adecuar la organizaci\u00f3n interna de funcionamiento de esta C\u00e1mara de Diputados a las demandas de la sociedad\u201d, se indica en la iniciativa &nbsp; &nbsp; El proyecto propone modificar el Art\u00edculo 42\u00ba del Reglamento de la C\u00e1mara, aumentando de 11 a 24 la cantidad de comisiones permanentes. Algunas de las 11 existentes se mantendr\u00e1n y otras se desglosar\u00e1n: \u201cEl objetivo es adecuar la organizaci\u00f3n interna de funcionamiento de&#8230;<\/p>\n","protected":false},"author":3,"featured_media":55036,"comment_status":"closed","ping_status":"closed","sticky":false,"template":"","format":"standard","meta":[],"categories":[15],"tags":[],"_links":{"self":[{"href":"https:\/\/www.actualidadadiario.com\/index.php\/wp-json\/wp\/v2\/posts\/58931"}],"collection":[{"href":"https:\/\/www.actualidadadiario.com\/index.php\/wp-json\/wp\/v2\/posts"}],"about":[{"href":"https:\/\/www.actualidadadiario.com\/index.php\/wp-json\/wp\/v2\/types\/post"}],"author":[{"embeddable":true,"href":"https:\/\/www.actualidadadiario.com\/index.php\/wp-json\/wp\/v2\/users\/3"}],"replies":[{"embeddable":true,"href":"https:\/\/www.actualidadadiario.com\/index.php\/wp-json\/wp\/v2\/comments?post=58931"}],"version-history":[{"count":1,"href":"https:\/\/www.actualidadadiario.com\/index.php\/wp-json\/wp\/v2\/posts\/58931\/revisions"}],"predecessor-version":[{"id":58932,"href":"https:\/\/www.actualidadadiario.com\/index.php\/wp-json\/wp\/v2\/posts\/58931\/revisions\/58932"}],"wp:featuredmedia":[{"embeddable":true,"href":"https:\/\/www.actualidadadiario.com\/index.php\/wp-json\/wp\/v2\/media\/55036"}],"wp:attachment":[{"href":"https:\/\/www.actualidadadiario.com\/index.php\/wp-json\/wp\/v2\/media?parent=58931"}],"wp:term":[{"taxonomy":"category","embeddable":true,"href":"https:\/\/www.actualidadadiario.com\/index.php\/wp-json\/wp\/v2\/categories?post=58931"},{"taxonomy":"post_tag","embeddable":true,"href":"https:\/\/www.actualidadadiario.com\/index.php\/wp-json\/wp\/v2\/tags?post=58931"}],"curies":[{"name":"wp","href":"https:\/\/api.w.org\/{rel}","templated":true}]}}