{"id":58926,"date":"2020-03-12T12:03:58","date_gmt":"2020-03-12T15:03:58","guid":{"rendered":"https:\/\/www.actualidadadiario.com\/?p=58926"},"modified":"2020-03-12T12:03:58","modified_gmt":"2020-03-12T15:03:58","slug":"renovaron-el-pedido-de-justicia-por-fatima-acevedo-frente-a-tribunales-de-parana","status":"publish","type":"post","link":"https:\/\/www.actualidadadiario.com\/index.php\/2020\/03\/12\/renovaron-el-pedido-de-justicia-por-fatima-acevedo-frente-a-tribunales-de-parana\/","title":{"rendered":"Renovaron el pedido de Justicia por F\u00e1tima Acevedo frente a Tribunales de Paran\u00e1"},"content":{"rendered":"<p style=\"text-align: center;\"><em><strong>&#8220;Su muerte se pudo haber prevenido porque F\u00e1tima hizo muchas denuncias por violencia, acoso y amenazas&#8221;, asegur\u00f3 una de las compa\u00f1eras con la que compart\u00eda habitaci\u00f3n en la Casa de las Mujeres<\/strong><\/em><\/p>\n<p>&nbsp;<\/p>\n<p>&nbsp;<\/p>\n<p>&#8220;Somos F\u00e1tima o podemos serlo&#8221;, indicaba la convocatoria. Un grupo de mujeres se concentr\u00f3 este mi\u00e9rcoles frente a Tribunales de Paran\u00e1 para renovar el pedido de Justicia por la joven de 25 a\u00f1os cuyo cuerpo fue hallado sin vida en un aljibe de la zona de calle Tibiletti al final en la capital entrerriana.<\/p>\n<p>&#8220;Su muerte se pudo haber prevenido porque F\u00e1tima hizo muchas denuncias por violencia, acoso y amenazas&#8221;, asegur\u00f3 una de las compa\u00f1eras con la que compart\u00eda habitaci\u00f3n en la Casa de las Mujeres.<\/p>\n<p>La mujer se mostr\u00f3 &#8220;angustiada porque se me fue una amiga&#8221;. Y en la oportunidad, record\u00f3 c\u00f3mo fue el d\u00eda de la desaparici\u00f3n de F\u00e1tima Acevedo.<\/p>\n<p>&#8220;F\u00e1tima ingres\u00f3 a la Casa de las Mujeres el 4 de febrero, hasta el domingo 1 de marzo que desapareci\u00f3. Muchas veces la retuve para que no fuera, pero ese domingo dijo que iba a hacer unos tr\u00e1mites y despu\u00e9s, ver un alquiler, porque nuestra idea era irnos a vivir juntas&#8221;, record\u00f3.<\/p>\n<p>&#8220;Iba a volver al mediod\u00eda, pero no lo hizo, la llam\u00e9 a la una de la tarde porque nosotras nos \u00edbamos a la Costanera&#8221;, agreg\u00f3. Seg\u00fan aclar\u00f3 la mujer, F\u00e1tima &#8220;se fue temprano, a las 8.30 de la ma\u00f1ana&#8221;, y ella no la vio. Ya que si la hubiera visto, &#8220;no la hubiera dejado sola&#8221;, destac\u00f3.<\/p>\n<p>Se recordar\u00e1 que Jorge Nicol\u00e1s Mart\u00ednez, \u00fanico detenido por el femicidio, escribi\u00f3 un mensaje en su celular, y luego lo envi\u00f3, desde su tel\u00e9fono pero con otro chip, a la amiga de F\u00e1tima, haci\u00e9ndose pasar por ella.<\/p>\n<p>Palabras m\u00e1s, palabras menos, la mujer record\u00f3 qu\u00e9 dec\u00eda ese mensaje: &#8220;Me lleg\u00f3 un mensaje que dec\u00eda `Negri, estoy bien. Soy Flor. Estoy en un trabajo por el que me van a pagar bien, despu\u00e9s te voy a ir buscar. Dale un beso al enano&#8221;.<\/p>\n<p>&#8220;Me di cuenta que no era ella porque a su hijo jam\u00e1s le dijo enano y a m\u00ed nunca me llam\u00f3 negri&#8221;, destac\u00f3 la compa\u00f1era de F\u00e1tima.<\/p>\n<p>La mujer, madre de cuatro hijos, destac\u00f3 que despu\u00e9s del femicidio de F\u00e1tima, ya no sale sola a la calle.<\/p>\n<p>&#8220;Que se haga Justicia, que los responsables den la cara como lo debieran haber hecho desde un primer momento&#8221;, sentenci\u00f3.<\/p>\n<p>Por su parte, Florencia L\u00f3pez, la mejor amiga de F\u00e1tima, remarc\u00f3: &#8220;Seguimos esperando una respuesta de parte de la Justicia, la Polic\u00eda y el Municipio, porque no se comunic\u00f3 nadie conmigo. Su silencio dice mucho&#8221;.<\/p>\n<p>En tanto, la titular de VIDAER, Carla Cusimano, se hizo presente en la manifestaci\u00f3n &#8220;para repudiar lo sucedido ante una muerte que pudo haber sido absolutamente evitable&#8221;.<\/p>\n<p>&#8220;Sin dudas hay un culpable pero detr\u00e1s, hay una serie de responsables dentro de la Justicia que deben haberse hecho cargo de esta situaci\u00f3n para que F\u00e1tima Florencia no termine como termin\u00f3, y un hijo que qued\u00f3 sin su madre&#8221;, apunt\u00f3.<\/p>\n","protected":false},"excerpt":{"rendered":"<p>&#8220;Su muerte se pudo haber prevenido porque F\u00e1tima hizo muchas denuncias por violencia, acoso y amenazas&#8221;, asegur\u00f3 una de las compa\u00f1eras con la que compart\u00eda habitaci\u00f3n en la Casa de las Mujeres &nbsp; &nbsp; &#8220;Somos F\u00e1tima o podemos serlo&#8221;, indicaba la convocatoria. Un grupo de mujeres se concentr\u00f3 este mi\u00e9rcoles frente a Tribunales de Paran\u00e1 para renovar el pedido de Justicia por la joven de 25 a\u00f1os cuyo cuerpo fue hallado sin vida en un aljibe de la zona de calle Tibiletti al final en la capital entrerriana. &#8220;Su muerte&#8230;<\/p>\n","protected":false},"author":3,"featured_media":58927,"comment_status":"closed","ping_status":"closed","sticky":false,"template":"","format":"standard","meta":[],"categories":[15],"tags":[],"_links":{"self":[{"href":"https:\/\/www.actualidadadiario.com\/index.php\/wp-json\/wp\/v2\/posts\/58926"}],"collection":[{"href":"https:\/\/www.actualidadadiario.com\/index.php\/wp-json\/wp\/v2\/posts"}],"about":[{"href":"https:\/\/www.actualidadadiario.com\/index.php\/wp-json\/wp\/v2\/types\/post"}],"author":[{"embeddable":true,"href":"https:\/\/www.actualidadadiario.com\/index.php\/wp-json\/wp\/v2\/users\/3"}],"replies":[{"embeddable":true,"href":"https:\/\/www.actualidadadiario.com\/index.php\/wp-json\/wp\/v2\/comments?post=58926"}],"version-history":[{"count":1,"href":"https:\/\/www.actualidadadiario.com\/index.php\/wp-json\/wp\/v2\/posts\/58926\/revisions"}],"predecessor-version":[{"id":58928,"href":"https:\/\/www.actualidadadiario.com\/index.php\/wp-json\/wp\/v2\/posts\/58926\/revisions\/58928"}],"wp:featuredmedia":[{"embeddable":true,"href":"https:\/\/www.actualidadadiario.com\/index.php\/wp-json\/wp\/v2\/media\/58927"}],"wp:attachment":[{"href":"https:\/\/www.actualidadadiario.com\/index.php\/wp-json\/wp\/v2\/media?parent=58926"}],"wp:term":[{"taxonomy":"category","embeddable":true,"href":"https:\/\/www.actualidadadiario.com\/index.php\/wp-json\/wp\/v2\/categories?post=58926"},{"taxonomy":"post_tag","embeddable":true,"href":"https:\/\/www.actualidadadiario.com\/index.php\/wp-json\/wp\/v2\/tags?post=58926"}],"curies":[{"name":"wp","href":"https:\/\/api.w.org\/{rel}","templated":true}]}}