{"id":58920,"date":"2020-03-12T12:02:33","date_gmt":"2020-03-12T15:02:33","guid":{"rendered":"https:\/\/www.actualidadadiario.com\/?p=58920"},"modified":"2020-03-12T12:02:33","modified_gmt":"2020-03-12T15:02:33","slug":"agmer-hara-cinco-dias-de-paro","status":"publish","type":"post","link":"https:\/\/www.actualidadadiario.com\/index.php\/2020\/03\/12\/agmer-hara-cinco-dias-de-paro\/","title":{"rendered":"Agmer har\u00e1 cinco d\u00edas de paro"},"content":{"rendered":"<p style=\"text-align: center;\"><em><strong>En congreso de la entidad gremial, que se reuni\u00f3 en San Salvador, resolvi\u00f3 realizar fuertes medidas de fuerza: habr\u00e1 un paro de 48 horas este jueves y viernes, el martes y mi\u00e9rcoles pr\u00f3ximos y el 27 de marzo, d\u00eda en el que tambi\u00e9n habr\u00e1 una marcha provincial<\/strong><\/em><\/p>\n<p>&nbsp;<\/p>\n<p>Este mi\u00e9rcoles contin\u00faa sesionando el Congreso extraordinario de la Asociaci\u00f3n Gremial del Magisterio de Entre R\u00edos (Agmer) en San Salvador, luego del cuarto intermedio dispuesto el 28 de febrero pasado.<\/p>\n<p>&nbsp;<\/p>\n<p><strong>En ese marco, se definieron fuertes medidas de fuerza. Por unanimidad se aprob\u00f3:<\/strong><\/p>\n<p>Paro de 48 horas los d\u00edas jueves 12 y viernes 13 de marzo.<\/p>\n<p>Paro de 48 horas los d\u00edas martes 17 y mi\u00e9rcoles 18 de marzo.<\/p>\n<p>Paro de 24 horas y marcha provincial en defensa de la caja de jubilaciones el d\u00eda viernes 27 de marzo.<\/p>\n<p>&nbsp;<\/p>\n<p>El congreso pas\u00f3 a un cuarto intermedio para no m\u00e1s all\u00e1 del 1 de abril, pero si surgen novedades se lo volver\u00e1 a convocar para determinar los pasos a seguir.<\/p>\n<p>Cabe destacar que la paritaria salarial provincial se inici\u00f3 el viernes 6 de marzo. El Gobierno propuso evaluar, en el primer trimestre del a\u00f1o, distintas variables econ\u00f3micas y de inflaci\u00f3n para luego realizar una oferta que \u201ccontemple las variables anunciadas, que sea arm\u00f3nica con el sostenimiento de las cuentas fiscales y el presupuesto provincial y cuyo cumplimiento pueda garantizarse\u201d.<\/p>\n<p>Agmer y el resto de los gremios expresaron su disconformidad con el planteo, consideraron que eso \u201cno constituye una propuesta salarial\u201d y reafirmaron la necesidad de que se fije \u201cuna pauta salarial que permita recuperar lo perdido en los \u00faltimos a\u00f1os y que garantice estar por encima de la inflaci\u00f3n en este a\u00f1o\u201d.<\/p>\n","protected":false},"excerpt":{"rendered":"<p>En congreso de la entidad gremial, que se reuni\u00f3 en San Salvador, resolvi\u00f3 realizar fuertes medidas de fuerza: habr\u00e1 un paro de 48 horas este jueves y viernes, el martes y mi\u00e9rcoles pr\u00f3ximos y el 27 de marzo, d\u00eda en el que tambi\u00e9n habr\u00e1 una marcha provincial &nbsp; Este mi\u00e9rcoles contin\u00faa sesionando el Congreso extraordinario de la Asociaci\u00f3n Gremial del Magisterio de Entre R\u00edos (Agmer) en San Salvador, luego del cuarto intermedio dispuesto el 28 de febrero pasado. &nbsp; En ese marco, se definieron fuertes medidas de fuerza. Por unanimidad&#8230;<\/p>\n","protected":false},"author":3,"featured_media":58921,"comment_status":"closed","ping_status":"closed","sticky":false,"template":"","format":"standard","meta":[],"categories":[15],"tags":[],"_links":{"self":[{"href":"https:\/\/www.actualidadadiario.com\/index.php\/wp-json\/wp\/v2\/posts\/58920"}],"collection":[{"href":"https:\/\/www.actualidadadiario.com\/index.php\/wp-json\/wp\/v2\/posts"}],"about":[{"href":"https:\/\/www.actualidadadiario.com\/index.php\/wp-json\/wp\/v2\/types\/post"}],"author":[{"embeddable":true,"href":"https:\/\/www.actualidadadiario.com\/index.php\/wp-json\/wp\/v2\/users\/3"}],"replies":[{"embeddable":true,"href":"https:\/\/www.actualidadadiario.com\/index.php\/wp-json\/wp\/v2\/comments?post=58920"}],"version-history":[{"count":1,"href":"https:\/\/www.actualidadadiario.com\/index.php\/wp-json\/wp\/v2\/posts\/58920\/revisions"}],"predecessor-version":[{"id":58922,"href":"https:\/\/www.actualidadadiario.com\/index.php\/wp-json\/wp\/v2\/posts\/58920\/revisions\/58922"}],"wp:featuredmedia":[{"embeddable":true,"href":"https:\/\/www.actualidadadiario.com\/index.php\/wp-json\/wp\/v2\/media\/58921"}],"wp:attachment":[{"href":"https:\/\/www.actualidadadiario.com\/index.php\/wp-json\/wp\/v2\/media?parent=58920"}],"wp:term":[{"taxonomy":"category","embeddable":true,"href":"https:\/\/www.actualidadadiario.com\/index.php\/wp-json\/wp\/v2\/categories?post=58920"},{"taxonomy":"post_tag","embeddable":true,"href":"https:\/\/www.actualidadadiario.com\/index.php\/wp-json\/wp\/v2\/tags?post=58920"}],"curies":[{"name":"wp","href":"https:\/\/api.w.org\/{rel}","templated":true}]}}