{"id":58912,"date":"2020-03-12T12:00:17","date_gmt":"2020-03-12T15:00:17","guid":{"rendered":"https:\/\/www.actualidadadiario.com\/?p=58912"},"modified":"2020-03-12T12:00:17","modified_gmt":"2020-03-12T15:00:17","slug":"quiero-llevar-tranquilidad-a-la-poblacion-dijo-bordet","status":"publish","type":"post","link":"https:\/\/www.actualidadadiario.com\/index.php\/2020\/03\/12\/quiero-llevar-tranquilidad-a-la-poblacion-dijo-bordet\/","title":{"rendered":"\u201cQuiero llevar tranquilidad a la poblaci\u00f3n\u201d, dijo Bordet"},"content":{"rendered":"<p style=\"text-align: center;\"><em><strong>\u201cQuiero llevar a la poblaci\u00f3n la tranquilidad de que tenemos un equipo de profesionales trabajando en un abordaje preventivo integral. Estamos atentos y activos. El coronavirus requiere de una capacidad de organizaci\u00f3n entre todos los niveles de salud\u201d, expres\u00f3 el gobernador Gustavo Bordet<\/strong><\/em><\/p>\n<p>&nbsp;<\/p>\n<p>&nbsp;<\/p>\n<p>Bordet encabez\u00f3 en Col\u00f3n la primera de las reuniones de gabinete departamentales con la participaci\u00f3n de los equipos del gobierno provincial y municipios, y entreg\u00f3 viviendas a familias de las fuerzas de seguridad.<\/p>\n<p>\u201cEl coronavirus nos preocupa porque si bien no hay casos en Entre R\u00edos, no estamos exentos habida cuenta de c\u00f3mo vienen creciendo los casos a nivel nacional y estamos atentos y preparados para la emergencia. Y estamos trabajando para enfrentar esta situaci\u00f3n, al igual que lo estamos haciendo con el dengue\u201d, explic\u00f3.<\/p>\n<p>Bordet hizo saber que el gobierno convoc\u00f3 a las autoridades de los 65 hospitales y los centros de salud de la provincia con guardia activa. All\u00ed, junto al equipo t\u00e9cnico, transmiti\u00f3 los lineamientos y protocolos de acci\u00f3n ante el mapa epidemiol\u00f3gico actual.<\/p>\n<p>&#8220;Estamos organiz\u00e1ndonos desde la estructura de servicios para adelantarnos y dar la mejor respuesta posible, con el dinamismo que imprime esta situaci\u00f3n, teniendo en cuenta que cada d\u00eda hay nuevas recomendaciones\u201d. En tal sentido, record\u00f3 la indicaci\u00f3n actual para quienes regresan al pa\u00eds, provenientes de zonas con circulaci\u00f3n activa del virus, es que deben guardar aislamiento domiciliario y, en caso de presentar s\u00edntomas, contactar a los servicios de salud.<\/p>\n<p>Cabe recordar que la Organizaci\u00f3n Mundial de la Salud (OMS) calific\u00f3 al coronavirus Covid-19 como una pandemia y pidi\u00f3 que los pa\u00edses &#8220;tomen acci\u00f3n de manera urgente y agresiva&#8221;. Sobre aquellos pa\u00edses que &#8220;todav\u00eda s\u00f3lo tienen un pu\u00f1ado de casos&#8221; dijo que &#8220;pueden prevenir que se transformen en conjuntos y en transmisiones comunitarias&#8221;.<\/p>\n<p>\u201cEstamos tomando las medidas de precauci\u00f3n correspondientes\u201d, asegur\u00f3 el mandatario.<\/p>\n<p>&nbsp;<\/p>\n<p><strong>Gabinetes departamentales<\/strong><\/p>\n<p>\u201cTenemos muchos desaf\u00edos y trabajo por delante y tambi\u00e9n coyunturas que r\u00e1pidamente hay que abordar\u201d, dijo el mandatario, al hablar ante los intendentes y sus equipos de trabajo; y los presidentes de juntas de gobierno y de comunas del departamento Col\u00f3n.<\/p>\n<p>As\u00ed lo manifest\u00f3 luego de que el intendente de Col\u00f3n, Jose Luis Walser, hiciera la introducci\u00f3n del encuentro. El mandatario estuvo acompa\u00f1ado por la vicegobernadora Laura Stratta; su gabinete en pleno y legisladores del departamento.<\/p>\n<p>Bordet explic\u00f3 que la idea \u201ces generar en todos los departamentos reuniones de gabinete que se realizar\u00e1n en las cabeceras departamentales, con todos los intendentes y los equipos de gobierno del municipio y de la provincia. Esta es la primera que hacemos aqu\u00ed en Col\u00f3n y luego haremos en otros departamentos\u201d.<\/p>\n<p>Record\u00f3 que el a\u00f1o pasado se hicieron reuniones de gabinete, pero en ciudades, \u201ccon muy buenos resultados\u201d; y ahora se decidi\u00f3 ampliarlas a los departamentos.<\/p>\n<p>Se\u00f1al\u00f3 que la modalidad del encuentro es una reuni\u00f3n con los intendentes, acompa\u00f1ado por la vicegobernadora Laura Stratta, y luego la formaci\u00f3n de mesas de trabajo de cada \u00e1rea de la provincia con la \u00e1reas hom\u00f3nimas de los municipios.<\/p>\n<p>Precis\u00f3 que \u201cesto tiene el objetivo de ir armando una agenda de trabajo y de prioridades con las distintas \u00e1reas, tanto provinciales como municipales, para poder ir articulando la resoluci\u00f3n del problema que se nos presenta y las acciones de gobierno que tenemos que llevar adelante. Es una buena posibilidad para dar comienzo a una agenda que ordene el trabajo y sobre todo que vaya fijando y marcando cu\u00e1les son las prioridades\u201d.<\/p>\n<p>\u201cHe sido un gran defensor del municipalismo, me toc\u00f3 ser intendente, se perfectamente cu\u00e1les son los desaf\u00edos, los problemas que tiene un municipio a diario, por lo que voy a poner de mi parte y de nuestro equipo lo mejor para poder ir avanzando en distintas acciones coordinadas con la provincia y el gobierno nacional\u201d, subray\u00f3.<\/p>\n<p>En ese marco, mencion\u00f3 temas \u201cque tienen que ver, por ejemplo, con la disposici\u00f3n final de los residuos, algo que est\u00e1 pendiente en el departamento; otros que hacen a la salud de nuestra poblaci\u00f3n, hay epidemias, algunas que est\u00e1n en la provincia como el dengue y otras que pueden llegar a estar, como el coronavirus; a eso tenemos que abordarlo en profundidad para ponernos de acuerdo en medidas de acci\u00f3n y en protocolos de trabajo\u201d.<\/p>\n<p>Tambi\u00e9n refiri\u00f3 otras tem\u00e1ticas inherentes al departamento Col\u00f3n, como las pol\u00edticas de turismo o aspectos de seguridad; y producci\u00f3n, lo que refiere al desarrollo econ\u00f3mico, \u201chay zonas como Col\u00f3n donde hay cadenas de valor como la avicultura y como las forestoindustrias, que son muy potentes, y va a estar la posibilidad de trabajarlo en conjunto\u201d.<\/p>\n<p>&nbsp;<\/p>\n<p><strong>Entregas<\/strong><\/p>\n<p>En el marco de la visita de Bordet a Col\u00f3n se entregaron a la Jefatura Departamental Col\u00f3n, dos motocicletas Honda XR 150 cc 0 kil\u00f3metro, de las 20 que adquiri\u00f3 recientemente la provincia para la Polic\u00eda de Entre R\u00edos. Las mismas est\u00e1n equipadas con los elementos necesarios para su utilizaci\u00f3n en la prevenci\u00f3n p\u00fablica.<\/p>\n<p>Asimismo, se entreg\u00f3 un aporte de 500.000 pesos para una obra de un hogar para discapacitados adultos de Villa Elisa a la asociaci\u00f3n civil Manos Amigas.<\/p>\n<p>Adem\u00e1s, se entregaron nueve viviendas del IAPV de un grupo habitacional de 36 unidades, destinadas a polic\u00edas de Col\u00f3n.<\/p>\n","protected":false},"excerpt":{"rendered":"<p>\u201cQuiero llevar a la poblaci\u00f3n la tranquilidad de que tenemos un equipo de profesionales trabajando en un abordaje preventivo integral. Estamos atentos y activos. El coronavirus requiere de una capacidad de organizaci\u00f3n entre todos los niveles de salud\u201d, expres\u00f3 el gobernador Gustavo Bordet &nbsp; &nbsp; Bordet encabez\u00f3 en Col\u00f3n la primera de las reuniones de gabinete departamentales con la participaci\u00f3n de los equipos del gobierno provincial y municipios, y entreg\u00f3 viviendas a familias de las fuerzas de seguridad. \u201cEl coronavirus nos preocupa porque si bien no hay casos en Entre&#8230;<\/p>\n","protected":false},"author":3,"featured_media":58913,"comment_status":"closed","ping_status":"closed","sticky":false,"template":"","format":"standard","meta":[],"categories":[9],"tags":[],"_links":{"self":[{"href":"https:\/\/www.actualidadadiario.com\/index.php\/wp-json\/wp\/v2\/posts\/58912"}],"collection":[{"href":"https:\/\/www.actualidadadiario.com\/index.php\/wp-json\/wp\/v2\/posts"}],"about":[{"href":"https:\/\/www.actualidadadiario.com\/index.php\/wp-json\/wp\/v2\/types\/post"}],"author":[{"embeddable":true,"href":"https:\/\/www.actualidadadiario.com\/index.php\/wp-json\/wp\/v2\/users\/3"}],"replies":[{"embeddable":true,"href":"https:\/\/www.actualidadadiario.com\/index.php\/wp-json\/wp\/v2\/comments?post=58912"}],"version-history":[{"count":1,"href":"https:\/\/www.actualidadadiario.com\/index.php\/wp-json\/wp\/v2\/posts\/58912\/revisions"}],"predecessor-version":[{"id":58914,"href":"https:\/\/www.actualidadadiario.com\/index.php\/wp-json\/wp\/v2\/posts\/58912\/revisions\/58914"}],"wp:featuredmedia":[{"embeddable":true,"href":"https:\/\/www.actualidadadiario.com\/index.php\/wp-json\/wp\/v2\/media\/58913"}],"wp:attachment":[{"href":"https:\/\/www.actualidadadiario.com\/index.php\/wp-json\/wp\/v2\/media?parent=58912"}],"wp:term":[{"taxonomy":"category","embeddable":true,"href":"https:\/\/www.actualidadadiario.com\/index.php\/wp-json\/wp\/v2\/categories?post=58912"},{"taxonomy":"post_tag","embeddable":true,"href":"https:\/\/www.actualidadadiario.com\/index.php\/wp-json\/wp\/v2\/tags?post=58912"}],"curies":[{"name":"wp","href":"https:\/\/api.w.org\/{rel}","templated":true}]}}