{"id":58906,"date":"2020-03-11T10:46:03","date_gmt":"2020-03-11T13:46:03","guid":{"rendered":"https:\/\/www.actualidadadiario.com\/?p=58906"},"modified":"2020-03-11T10:46:03","modified_gmt":"2020-03-11T13:46:03","slug":"designan-nuevo-director-en-el-malbran","status":"publish","type":"post","link":"https:\/\/www.actualidadadiario.com\/index.php\/2020\/03\/11\/designan-nuevo-director-en-el-malbran\/","title":{"rendered":"Designan nuevo Director en el Malbr\u00e1n"},"content":{"rendered":"<p style=\"text-align: center;\"><em><strong>El ministerio de Salud decidi\u00f3 nombrar a un nuevo director del Instituto Anlis Malbr\u00e1n: se trata del cordob\u00e9s Pascual Fidelio, que reemplazar\u00e1 a la doctora Claudia Perandones, que permanecer\u00e1 en la instituci\u00f3n en un \u00e1rea a designar, seg\u00fan confirmaron desde el instituto<\/strong><\/em><\/p>\n<p>&nbsp;<\/p>\n<p>El cambio se da en una instituci\u00f3n que en este momento est\u00e1 en el centro de la escena porque all\u00ed se realizan todos los an\u00e1lisis para confirmar o descartar los casos sospechosos del coronavirus epid\u00e9mico Covid-19.<\/p>\n<p>El anuncio se realiz\u00f3 con la presencia de la secretaria de Acceso a la Salud, Carla Vizzotti.<\/p>\n<p>Fidelio, de 56 a\u00f1os es oriundo de C\u00f3rdoba Capital, pero curs\u00f3 la escuela primaria en Marcos Ju\u00e1rez. Es licenciado en Bioqu\u00edmica, Magister en Desarrollo y Formulaci\u00f3n de Estrategias P\u00fablicas y Privadas en el Centro de Estudios Avanzados de la UNC. Durante los \u00faltimos a\u00f1os fue el director del Laboratorio de Hemoderivados de la Universidad Nacional de C\u00f3rdoba.<\/p>\n","protected":false},"excerpt":{"rendered":"<p>El ministerio de Salud decidi\u00f3 nombrar a un nuevo director del Instituto Anlis Malbr\u00e1n: se trata del cordob\u00e9s Pascual Fidelio, que reemplazar\u00e1 a la doctora Claudia Perandones, que permanecer\u00e1 en la instituci\u00f3n en un \u00e1rea a designar, seg\u00fan confirmaron desde el instituto &nbsp; El cambio se da en una instituci\u00f3n que en este momento est\u00e1 en el centro de la escena porque all\u00ed se realizan todos los an\u00e1lisis para confirmar o descartar los casos sospechosos del coronavirus epid\u00e9mico Covid-19. El anuncio se realiz\u00f3 con la presencia de la secretaria de&#8230;<\/p>\n","protected":false},"author":3,"featured_media":58907,"comment_status":"closed","ping_status":"closed","sticky":false,"template":"","format":"standard","meta":[],"categories":[4],"tags":[],"_links":{"self":[{"href":"https:\/\/www.actualidadadiario.com\/index.php\/wp-json\/wp\/v2\/posts\/58906"}],"collection":[{"href":"https:\/\/www.actualidadadiario.com\/index.php\/wp-json\/wp\/v2\/posts"}],"about":[{"href":"https:\/\/www.actualidadadiario.com\/index.php\/wp-json\/wp\/v2\/types\/post"}],"author":[{"embeddable":true,"href":"https:\/\/www.actualidadadiario.com\/index.php\/wp-json\/wp\/v2\/users\/3"}],"replies":[{"embeddable":true,"href":"https:\/\/www.actualidadadiario.com\/index.php\/wp-json\/wp\/v2\/comments?post=58906"}],"version-history":[{"count":1,"href":"https:\/\/www.actualidadadiario.com\/index.php\/wp-json\/wp\/v2\/posts\/58906\/revisions"}],"predecessor-version":[{"id":58908,"href":"https:\/\/www.actualidadadiario.com\/index.php\/wp-json\/wp\/v2\/posts\/58906\/revisions\/58908"}],"wp:featuredmedia":[{"embeddable":true,"href":"https:\/\/www.actualidadadiario.com\/index.php\/wp-json\/wp\/v2\/media\/58907"}],"wp:attachment":[{"href":"https:\/\/www.actualidadadiario.com\/index.php\/wp-json\/wp\/v2\/media?parent=58906"}],"wp:term":[{"taxonomy":"category","embeddable":true,"href":"https:\/\/www.actualidadadiario.com\/index.php\/wp-json\/wp\/v2\/categories?post=58906"},{"taxonomy":"post_tag","embeddable":true,"href":"https:\/\/www.actualidadadiario.com\/index.php\/wp-json\/wp\/v2\/tags?post=58906"}],"curies":[{"name":"wp","href":"https:\/\/api.w.org\/{rel}","templated":true}]}}