{"id":58900,"date":"2020-03-11T10:44:47","date_gmt":"2020-03-11T13:44:47","guid":{"rendered":"https:\/\/www.actualidadadiario.com\/?p=58900"},"modified":"2020-03-11T10:44:47","modified_gmt":"2020-03-11T13:44:47","slug":"italia-registro-168-muertos-por-coronavirus-en-un-dia","status":"publish","type":"post","link":"https:\/\/www.actualidadadiario.com\/index.php\/2020\/03\/11\/italia-registro-168-muertos-por-coronavirus-en-un-dia\/","title":{"rendered":"Italia registr\u00f3 168 muertos por coronavirus en un d\u00eda"},"content":{"rendered":"<p style=\"text-align: center;\"><em><strong>El n\u00famero total de muertos se eleva a 631. Es el pa\u00eds m\u00e1s afectado de Europa y el segundo del mundo detr\u00e1s de China<\/strong><\/em><\/p>\n<p>&nbsp;<\/p>\n<p>&nbsp;<\/p>\n<p>Las autoridades italianas registraron 168 v\u00edctimas este martes, un r\u00e9cord en 24 horas, con lo que el n\u00famero total de muertos se eleva a 631.<\/p>\n<p>El coronavirus contin\u00faa expandi\u00e9ndose por todo el mundo e Italia es una de las zonas m\u00e1s afectadas. Actualmente en el pa\u00eds se registraron 10.149 pacientes infectados y 631 v\u00edctimas, 168 m\u00e1s en comparaci\u00f3n con el lunes.<\/p>\n<p>Los pacientes que fallecieron en las \u00faltimas 24 horas se registraron en Lombard\u00eda, en la zona ya murieron 468 personas desde que se propag\u00f3 el coronavirus en la regi\u00f3n.<\/p>\n<p>Ante la situaci\u00f3n alarmante del pa\u00eds, el Presidente del Consejo de Ministros de Italia, Guiseppe Conte, declar\u00f3 el estado de cuarentena en todo su territorio prohibiendo todo movimiento, los ciudadanos no tienen permitido salir de sus casas. Solamente personas con autorizaciones especiales podr\u00e1n circular libremente.<\/p>\n<p>Las autoridades italianas informaron que \u201cse podr\u00e1 siempre salir para comprar comida y no hay ninguna necesidad de comprarla ahora porque siempre estar\u00e1 disponible&#8221;,<\/p>\n<p>El pa\u00eds alpino es el pa\u00eds m\u00e1s afectado de Europa y el segundo m\u00e1s afectado del mundo detr\u00e1s de China por el coronavirus que ha causado 1.115 muertos fuera del gigante asi\u00e1tico. Los pacientes actuales son m\u00e1s de 8.500 y ya hay 1.004 personas que se han curado.<\/p>\n<p>Actualmente hay 118.101 infectados en todo el mundo, de los cuales 64.391 se encuentran recuperados. El pa\u00eds con m\u00e1s casos es china sin embargo, est\u00e1 disminuyendo el n\u00famero de contagios en el pa\u00eds y la situaci\u00f3n m\u00e1s cr\u00edtica se encuentra en Europa.<\/p>\n","protected":false},"excerpt":{"rendered":"<p>El n\u00famero total de muertos se eleva a 631. Es el pa\u00eds m\u00e1s afectado de Europa y el segundo del mundo detr\u00e1s de China &nbsp; &nbsp; Las autoridades italianas registraron 168 v\u00edctimas este martes, un r\u00e9cord en 24 horas, con lo que el n\u00famero total de muertos se eleva a 631. El coronavirus contin\u00faa expandi\u00e9ndose por todo el mundo e Italia es una de las zonas m\u00e1s afectadas. Actualmente en el pa\u00eds se registraron 10.149 pacientes infectados y 631 v\u00edctimas, 168 m\u00e1s en comparaci\u00f3n con el lunes. Los pacientes que&#8230;<\/p>\n","protected":false},"author":3,"featured_media":58901,"comment_status":"closed","ping_status":"closed","sticky":false,"template":"","format":"standard","meta":[],"categories":[4],"tags":[],"_links":{"self":[{"href":"https:\/\/www.actualidadadiario.com\/index.php\/wp-json\/wp\/v2\/posts\/58900"}],"collection":[{"href":"https:\/\/www.actualidadadiario.com\/index.php\/wp-json\/wp\/v2\/posts"}],"about":[{"href":"https:\/\/www.actualidadadiario.com\/index.php\/wp-json\/wp\/v2\/types\/post"}],"author":[{"embeddable":true,"href":"https:\/\/www.actualidadadiario.com\/index.php\/wp-json\/wp\/v2\/users\/3"}],"replies":[{"embeddable":true,"href":"https:\/\/www.actualidadadiario.com\/index.php\/wp-json\/wp\/v2\/comments?post=58900"}],"version-history":[{"count":1,"href":"https:\/\/www.actualidadadiario.com\/index.php\/wp-json\/wp\/v2\/posts\/58900\/revisions"}],"predecessor-version":[{"id":58902,"href":"https:\/\/www.actualidadadiario.com\/index.php\/wp-json\/wp\/v2\/posts\/58900\/revisions\/58902"}],"wp:featuredmedia":[{"embeddable":true,"href":"https:\/\/www.actualidadadiario.com\/index.php\/wp-json\/wp\/v2\/media\/58901"}],"wp:attachment":[{"href":"https:\/\/www.actualidadadiario.com\/index.php\/wp-json\/wp\/v2\/media?parent=58900"}],"wp:term":[{"taxonomy":"category","embeddable":true,"href":"https:\/\/www.actualidadadiario.com\/index.php\/wp-json\/wp\/v2\/categories?post=58900"},{"taxonomy":"post_tag","embeddable":true,"href":"https:\/\/www.actualidadadiario.com\/index.php\/wp-json\/wp\/v2\/tags?post=58900"}],"curies":[{"name":"wp","href":"https:\/\/api.w.org\/{rel}","templated":true}]}}