{"id":58897,"date":"2020-03-11T10:44:10","date_gmt":"2020-03-11T13:44:10","guid":{"rendered":"https:\/\/www.actualidadadiario.com\/?p=58897"},"modified":"2020-03-11T10:44:10","modified_gmt":"2020-03-11T13:44:10","slug":"carabineros-el-brazo-armado-del-estado-en-las-calles-de-chile","status":"publish","type":"post","link":"https:\/\/www.actualidadadiario.com\/index.php\/2020\/03\/11\/carabineros-el-brazo-armado-del-estado-en-las-calles-de-chile\/","title":{"rendered":"Carabineros, el brazo armado del Estado en las calles de Chile"},"content":{"rendered":"<p style=\"text-align: center;\"><em><strong>Los uniformados no solo deciden sobre la vida y la muerte de millones de chilenos. Eligen el lugar, el momento y las v\u00edctimas a qui\u00e9nes les caer\u00e1n encima. El ataque contra Patricio Bao se viraliz\u00f3<\/strong><\/em><\/p>\n<p>&nbsp;<\/p>\n<p>&nbsp;<\/p>\n<p>Los carabineros como significante m\u00e1s elocuente del aparato represivo han superado la teor\u00eda de Hobbes en el Leviat\u00e1n. No solo deciden sobre la vida y la muerte de millones de chilenos. Eligen el lugar, el momento y las v\u00edctimas a qui\u00e9nes les caer\u00e1n encima. Patricio Bao tiene 69 a\u00f1os. Fue apaleado el 8M cuando hab\u00eda acompa\u00f1ado a la marcha a su esposa e hijas. Indefenso, termin\u00f3 con diez puntos en la cabeza y cuatro en el p\u00e1rpado derecho. Su historia se mediatiz\u00f3 porque un video del ataque que sufri\u00f3 se volvi\u00f3 viral.<\/p>\n<p>Por muy poco no ingres\u00f3 al listado de personas con trauma ocular o p\u00e9rdida de la visi\u00f3n. Seg\u00fan el Instituto Nacional de Derechos Humanos (INDH) son 445 hasta el 18 de febrero. En esta ciudad se sale de la casa, el trabajo, un bar o el hotel donde se est\u00e1 alojado, pero nunca se sabe en qu\u00e9 condiciones se regresa. Si sano, herido o envuelto en una mortaja.<\/p>\n<p>Lo pudimos comprobar el lunes bien entrada la tarde, sobre la avenida Alameda, en las cercan\u00edas del Palacio de la Moneda. Una caminata de pocas cuadras se transform\u00f3 en la retirada inmediata del lugar. Los sufrientes a diario, santiaguinos de a pie, hombres y mujeres que buscaban el Metro para salir de la zona o esperaban el bus en la parada, fueron atacados con chorros de agua, gas lacrim\u00f3geno y gas pimienta. \u00bfQu\u00e9 hac\u00edan? Simplemente miraban a su alrededor, filmaban a los carabineros con sus celulares y unos pocos les gritaban \u201cPacos culiados\u201d.<\/p>\n<p>Los uniformados formateados en los usos y costumbres de la dictadura de Pinochet est\u00e1n cebados. De nada sirvieron los cursos sobre Derechos Humanos que les dio el gobierno. Reciben un doble mensaje. Porque el principal es despejar la calle y gastar la munici\u00f3n disponible si fuera necesario. Una joven qued\u00f3 paralizada por el gas pimienta junto a las vallas que protegen los jardines que rodean La Moneda. La gente solidaria discut\u00eda con qu\u00e9 ant\u00eddoto ayudarla. Agua tibia, leche fr\u00eda, agua con bicarbonato, lo que hubiera a mano. Un muchacho gaseado caminaba sin ver mientras a sus espaldas los carabineros se ense\u00f1oreaban en la calle. Los dos o tres activistas que arrojaban piedras a cien metros no eran el blanco elegido por la represi\u00f3n. Al menos esta vez. Hab\u00eda que alejar de la Alameda las presencias molestas.<\/p>\n<p>El doctor en Ciencias Pol\u00edticas y Sociolog\u00eda Rodolfo Fortunatti profundiz\u00f3 en lo que pasa desde su columna El Estado contra las personas, all\u00e1 por noviembre: \u201cSi para quienes detentan las altas posiciones de poder y de riqueza la verdadera sorpresa de esta coyuntura fue la revuelta social, para el pueblo llano protagonista de la protesta, en cambio, la causa de todos los asombros fue el comportamiento del poder, ese modo desnudo y lacerante que vino a sacudir la conciencia pol\u00edtica. Vio en los soldados que ocuparon las calles a las mismas fuerzas prepotentes, abusadoras y violentistas de la dictadura, como si la cultura c\u00edvica en democracia y derechos humanos de las \u00faltimas tres d\u00e9cadas, no los hubiera permeado, porque no lo ha hecho\u201d.<\/p>\n<p>Fortunatti es dem\u00f3crata cristiano. No habla desde una barricada, ni desde las calles insurrectas. Pero su opini\u00f3n es un buen term\u00f3metro para tomarle la temperatura al hartazgo y la ruptura que vive la mayor\u00eda de la sociedad chilena con el gobierno derechista de Sebasti\u00e1n Pi\u00f1era. En la esquina de Teatinos y Alameda, a pasos de La Moneda, o m\u00e1s all\u00e1 en la peatonal Ahumada, los carabineros rociaron con un c\u00f3ctel de agua y gas a todo aquel que pudiera ser un testigo inc\u00f3modo. Pero la gente ya no les teme. Tiene m\u00e1s rabia que miedo, como Carlos Vivanco, un estudiante secundario de 18 a\u00f1os que qued\u00f3 ciego de su ojo izquierdo: \u201cMe quisieron meter dolor, pena, miedo, pero siento que me hizo el efecto contrario: tengo m\u00e1s rabia que miedo\u201d, dec\u00eda all\u00e1 por diciembre.<\/p>\n<p>Es una de las 34 personas que sufrieron p\u00e9rdida de la visi\u00f3n o estallido seg\u00fan el INDH porque les dispararon con balines o perdigones. Ellas se re\u00fanen en un espacio colectivo cuya sigla es VTO: V\u00edctimas de Trauma Ocular. Hay que transitar por las mismas calles donde los condenaron a vivir con alg\u00fan tipo de discapacidad visual y comprender la perversi\u00f3n del m\u00e9todo empleado para reprimirlos. Al estruendo de un disparo o una rociada de gas pimienta puede sobrevenir la ceguera. Si ser\u00e1 moment\u00e1nea o para siempre lo determinar\u00e1n los Pacos, mote que proviene de la manera en que se llamaba antiguamente a los carabineros (Personal A Contrata de Orden y Seguridad).<\/p>\n<p>El brazo armado del Estado en las calles de Santiago tiene sus mentores en el Congreso, la Justicia y los medios oficiales. A la rebeli\u00f3n popular de octubre, se le respondi\u00f3 con una ley que incorpor\u00f3 el \u201cdesorden p\u00fablico\u201d como delito en el C\u00f3digo Penal. El proyecto de senadores y diputados oficialistas tuvo entre sus pregoneros a Gonzalo Fuenzalida Figueroa, integrante de la comisi\u00f3n de Seguridad Ciudadana y pol\u00edtico de Renovaci\u00f3n Nacional, el partido de Pi\u00f1era.<\/p>\n<p>En marzo del a\u00f1o pasado public\u00f3 en su cuenta de Twitter un afiche con la frase \u201cNo todos los menores de edad son blancas palomas\u201d acompa\u00f1ado por el dibujo de un ni\u00f1o que apuntaba con un cuchillo en la mano y se cubr\u00eda con un antifaz. De esa forma buscaba acompa\u00f1ar la iniciativa presidencial para ampliar los controles de identidad a los menores de 14 a\u00f1os. Es este fascismo social del que habla el portugu\u00e9s Boaventura de Sousa Santos, o el fascismo penal que menciona en un art\u00edculo la doctora en teor\u00eda pol\u00edtica chilena Camila Vergara, el que mueve el m\u00fasculo represivo del Estado. Los carabineros son la cara m\u00e1s expuesta de un gobierno que desde octubre de 2019 acumula 32 muertos, 3.765 heridos, 1.835 v\u00edctimas de torturas y violaciones, adem\u00e1s de unas 10 mil detenciones.<\/p>\n","protected":false},"excerpt":{"rendered":"<p>Los uniformados no solo deciden sobre la vida y la muerte de millones de chilenos. Eligen el lugar, el momento y las v\u00edctimas a qui\u00e9nes les caer\u00e1n encima. El ataque contra Patricio Bao se viraliz\u00f3 &nbsp; &nbsp; Los carabineros como significante m\u00e1s elocuente del aparato represivo han superado la teor\u00eda de Hobbes en el Leviat\u00e1n. No solo deciden sobre la vida y la muerte de millones de chilenos. Eligen el lugar, el momento y las v\u00edctimas a qui\u00e9nes les caer\u00e1n encima. Patricio Bao tiene 69 a\u00f1os. Fue apaleado el 8M&#8230;<\/p>\n","protected":false},"author":3,"featured_media":58898,"comment_status":"closed","ping_status":"closed","sticky":false,"template":"","format":"standard","meta":[],"categories":[4],"tags":[],"_links":{"self":[{"href":"https:\/\/www.actualidadadiario.com\/index.php\/wp-json\/wp\/v2\/posts\/58897"}],"collection":[{"href":"https:\/\/www.actualidadadiario.com\/index.php\/wp-json\/wp\/v2\/posts"}],"about":[{"href":"https:\/\/www.actualidadadiario.com\/index.php\/wp-json\/wp\/v2\/types\/post"}],"author":[{"embeddable":true,"href":"https:\/\/www.actualidadadiario.com\/index.php\/wp-json\/wp\/v2\/users\/3"}],"replies":[{"embeddable":true,"href":"https:\/\/www.actualidadadiario.com\/index.php\/wp-json\/wp\/v2\/comments?post=58897"}],"version-history":[{"count":1,"href":"https:\/\/www.actualidadadiario.com\/index.php\/wp-json\/wp\/v2\/posts\/58897\/revisions"}],"predecessor-version":[{"id":58899,"href":"https:\/\/www.actualidadadiario.com\/index.php\/wp-json\/wp\/v2\/posts\/58897\/revisions\/58899"}],"wp:featuredmedia":[{"embeddable":true,"href":"https:\/\/www.actualidadadiario.com\/index.php\/wp-json\/wp\/v2\/media\/58898"}],"wp:attachment":[{"href":"https:\/\/www.actualidadadiario.com\/index.php\/wp-json\/wp\/v2\/media?parent=58897"}],"wp:term":[{"taxonomy":"category","embeddable":true,"href":"https:\/\/www.actualidadadiario.com\/index.php\/wp-json\/wp\/v2\/categories?post=58897"},{"taxonomy":"post_tag","embeddable":true,"href":"https:\/\/www.actualidadadiario.com\/index.php\/wp-json\/wp\/v2\/tags?post=58897"}],"curies":[{"name":"wp","href":"https:\/\/api.w.org\/{rel}","templated":true}]}}