{"id":58892,"date":"2020-03-11T10:42:43","date_gmt":"2020-03-11T13:42:43","guid":{"rendered":"https:\/\/www.actualidadadiario.com\/?p=58892"},"modified":"2020-03-11T10:42:43","modified_gmt":"2020-03-11T13:42:43","slug":"apuran-el-proyecto-de-equidad-salarial-de-genero","status":"publish","type":"post","link":"https:\/\/www.actualidadadiario.com\/index.php\/2020\/03\/11\/apuran-el-proyecto-de-equidad-salarial-de-genero\/","title":{"rendered":"Apuran el proyecto de equidad salarial de g\u00e9nero"},"content":{"rendered":"<p style=\"text-align: center;\"><em><strong>El presidente de la C\u00e1mara de Diputados, Sergio Massa, ratific\u00f3 que &#8220;en las pr\u00f3ximas horas&#8221; el Poder Ejecutivo presentar\u00e1 en la C\u00e1mara de Diputados un proyecto de equidad salarial de g\u00e9nero<\/strong><\/em><\/p>\n<p>&nbsp;<\/p>\n<p>&#8220;En las pr\u00f3ximas horas el Presidente con el Ministerio de las Mujeres estar\u00e1 enviando una ley para discutir las desigualdades que se viven en el \u00e1mbito laboral&#8221;, anunci\u00f3 Massa.<\/p>\n<p>As\u00ed lo indic\u00f3 durante una ceremonia de distinci\u00f3n que encabez\u00f3 en el sal\u00f3n de Pasos Perdidos del Congreso, donde entreg\u00f3 una medalla y un diploma a cada una de las 20 mujeres destacadas en distintos \u00e1mbitos, como la ciencia, la cultura, los derechos humanos y el deporte.<\/p>\n<p>Fueron condecoradas Nicole Becker, Mabel Bianco, Alejandra Dar\u00edn, Diana Dowek, Griselda Gambaro, Eva Giberti, Paloma Herrera, L\u00eda Jel\u00edn, Ana Carmen Macri, Yanina Mart\u00ednez, Zulema Maza, Sandra Mihanovich, Marta Minuj\u00edn, Claudia Pi\u00f1eiro, Susana Rinaldi, Cecilia Roth, Mar\u00eda Romilda Servini de Cubr\u00eda, Susana Rueda, Norma Alegrone, Juliana Marino, y Virginia Franganillo.<\/p>\n<p>El l\u00edder del Frente Renovador hizo un p\u00e1rrafo aparte en medio de su discurso para advertir que &#8220;todav\u00eda muere una mujer cada 23 horas por femicidio&#8221;, por lo que llam\u00f3 a &#8220;ser severos en el castigo como sociedad&#8221;.<\/p>\n<p>&#8220;No alcanza con que pregonemos la igualdad si hay mujeres que mueren en la clandestinidad por la ignorancia del sistema de salud. No alcanza con que planteemos la igualdad si todav\u00eda tenemos un mercado laboral en que la diferencia salarial es entre el 14% y el 40%&#8221;, resalt\u00f3 Massa.<\/p>\n<p>Horas antes, el jefe de Estado hab\u00eda anunciado durante un acto en el municipio de Quilmes que el Gobierno est\u00e1 trabajando en un proyecto de ley que &#8220;iguale las condiciones de trabajo entre hombres y mujeres&#8221;.<\/p>\n<p>&#8220;El 70 por ciento de la jubilaci\u00f3n m\u00ednima la cobran mujeres. Me llam\u00f3 la atenci\u00f3n el dato y eso es porque, b\u00e1sicamente, la mujer tiene muchas m\u00e1s dificultades en el trabajo, porque no siempre hace aportes, porque para poder jubilarse tiene que entrar en moratorias y por eso cobra la m\u00ednima. \u00bfDe qu\u00e9 estamos hablando? De la desigualdad&#8221;, sostuvo el mandatario nacional.<\/p>\n","protected":false},"excerpt":{"rendered":"<p>El presidente de la C\u00e1mara de Diputados, Sergio Massa, ratific\u00f3 que &#8220;en las pr\u00f3ximas horas&#8221; el Poder Ejecutivo presentar\u00e1 en la C\u00e1mara de Diputados un proyecto de equidad salarial de g\u00e9nero &nbsp; &#8220;En las pr\u00f3ximas horas el Presidente con el Ministerio de las Mujeres estar\u00e1 enviando una ley para discutir las desigualdades que se viven en el \u00e1mbito laboral&#8221;, anunci\u00f3 Massa. As\u00ed lo indic\u00f3 durante una ceremonia de distinci\u00f3n que encabez\u00f3 en el sal\u00f3n de Pasos Perdidos del Congreso, donde entreg\u00f3 una medalla y un diploma a cada una de&#8230;<\/p>\n","protected":false},"author":3,"featured_media":58017,"comment_status":"closed","ping_status":"closed","sticky":false,"template":"","format":"standard","meta":[],"categories":[18],"tags":[],"_links":{"self":[{"href":"https:\/\/www.actualidadadiario.com\/index.php\/wp-json\/wp\/v2\/posts\/58892"}],"collection":[{"href":"https:\/\/www.actualidadadiario.com\/index.php\/wp-json\/wp\/v2\/posts"}],"about":[{"href":"https:\/\/www.actualidadadiario.com\/index.php\/wp-json\/wp\/v2\/types\/post"}],"author":[{"embeddable":true,"href":"https:\/\/www.actualidadadiario.com\/index.php\/wp-json\/wp\/v2\/users\/3"}],"replies":[{"embeddable":true,"href":"https:\/\/www.actualidadadiario.com\/index.php\/wp-json\/wp\/v2\/comments?post=58892"}],"version-history":[{"count":1,"href":"https:\/\/www.actualidadadiario.com\/index.php\/wp-json\/wp\/v2\/posts\/58892\/revisions"}],"predecessor-version":[{"id":58893,"href":"https:\/\/www.actualidadadiario.com\/index.php\/wp-json\/wp\/v2\/posts\/58892\/revisions\/58893"}],"wp:featuredmedia":[{"embeddable":true,"href":"https:\/\/www.actualidadadiario.com\/index.php\/wp-json\/wp\/v2\/media\/58017"}],"wp:attachment":[{"href":"https:\/\/www.actualidadadiario.com\/index.php\/wp-json\/wp\/v2\/media?parent=58892"}],"wp:term":[{"taxonomy":"category","embeddable":true,"href":"https:\/\/www.actualidadadiario.com\/index.php\/wp-json\/wp\/v2\/categories?post=58892"},{"taxonomy":"post_tag","embeddable":true,"href":"https:\/\/www.actualidadadiario.com\/index.php\/wp-json\/wp\/v2\/tags?post=58892"}],"curies":[{"name":"wp","href":"https:\/\/api.w.org\/{rel}","templated":true}]}}