{"id":58889,"date":"2020-03-11T10:42:01","date_gmt":"2020-03-11T13:42:01","guid":{"rendered":"https:\/\/www.actualidadadiario.com\/?p=58889"},"modified":"2020-03-11T10:42:01","modified_gmt":"2020-03-11T13:42:01","slug":"arranco-el-debate-sobre-el-proyecto-para-declarar-24-capitales-alternas","status":"publish","type":"post","link":"https:\/\/www.actualidadadiario.com\/index.php\/2020\/03\/11\/arranco-el-debate-sobre-el-proyecto-para-declarar-24-capitales-alternas\/","title":{"rendered":"Arranc\u00f3 el debate sobre el proyecto para declarar 24 capitales alternas"},"content":{"rendered":"<p style=\"text-align: center;\"><em><strong>La iniciativa del Poder Ejecutivo fue defendida por funcionarios en las comisiones de Asuntos Constitucionales y Presupuesto<\/strong><\/em><\/p>\n<p>&nbsp;<\/p>\n<p>&nbsp;<\/p>\n<p>El proyecto del Poder Ejecutivo para descentralizar la administraci\u00f3n nacional declarando 24 capitales alternas comenz\u00f3 a ser analizado este martes en las comisiones de Asuntos Constitucionales y Presupuesto del Senado, donde la oposici\u00f3n propuso cambios y pidi\u00f3 precisiones sobre el impacto presupuestario de la ley.<\/p>\n<p>Al plenario, presidido por la senadora Mar\u00eda de los \u00c1ngeles Sacnun (Frente de Todos) asistieron el secretario de Interior, Jos\u00e9 Lepere, y el asesor ministerial Marcelo Leiras, quienes defendieron la iniciativa y explicaron sus detalles.<\/p>\n<p>&nbsp;<\/p>\n<p><strong>El proyecto<\/strong><\/p>\n<p>El proyecto crea el programa \u201cGabinete Federal\u201d, que realizar\u00e1 reuniones de trabajo en las provincias, de las cuales participar\u00e1n ministros, secretarios y funcionarios del Gobierno nacional, adem\u00e1s de autoridades locales y representantes de las organizaciones de la sociedad civil, \u201ccon el fin de identificar las demandas de la comunidad y coordinar la implementaci\u00f3n de pol\u00edticas p\u00fablicas necesarias\u201d.<\/p>\n<p>Seg\u00fan el texto, el jefe de Gabinete tendr\u00e1 que convocar a los encuentros \u201ccon una periodicidad no mayor a los 30 d\u00edas\u201d, mientras que el Ministerio del Interior \u201ccoordinar\u00e1 con las autoridades provinciales y las organizaciones de la sociedad civil la elaboraci\u00f3n del plan de trabajo de las reuniones\u201d.<\/p>\n<p>Asimismo, se establece que los ministros y funcionarios que asistan \u201cdeber\u00e1n llevar un registro de los temas abordados y cada uno en su competencia elevar\u00e1 un informe mensual de seguimiento a la Jefatura de Gabinete, el que ser\u00e1 puesto en conocimiento del Ministerio del Interior\u201d.<\/p>\n<p>El art\u00edculo 6 de la iniciativa se refiere a la descentralizaci\u00f3n de los organismos del Estado nacional y la radicaci\u00f3n de las dependencias del Gobierno nacional en el interior, \u201ccon el fin de acercar la gesti\u00f3n y los asuntos de gobierno a todo el pa\u00eds conforme a las potencialidades o problem\u00e1ticas de las diversas regiones que lo componen\u201d.<\/p>\n<p>De acuerdo con el proyecto, \u201cla coordinaci\u00f3n del proceso de evaluaci\u00f3n y selecci\u00f3n de las dependencias quedar\u00e1 a cargo del Ministerio del Interior\u201d. Una vez finalizado el proceso, la cartera deber\u00e1 elaborar \u201cjuntamente con los titulares de los organismos a trasladar o a instalar, y las autoridades provinciales, una propuesta integral, con plazos tentativos de ejecuci\u00f3n, que elevar\u00e1 para su evaluaci\u00f3n\u201d a la Jefatura de Gabinete y luego se someter\u00e1 para su aprobaci\u00f3n al Poder Ejecutivo.<\/p>\n<p>&nbsp;<\/p>\n<p><strong>Las ciudades elegidas<\/strong><\/p>\n<p>Las 24 capitales alternas ser\u00e1n La Matanza y Mar del Plata (Buenos Aires), Tinogasta (Catamarca), Roque S\u00e1enz Pe\u00f1a (Chaco), Comodoro Rivadavia (Chubut), R\u00edo Cuarto (C\u00f3rdoba), Goya (Corrientes), Concordia (Entre R\u00edos), Formosa (Formosa), San Pedro de Jujuy (Jujuy), General Pico (La Pampa), Chilecito (La Rioja), Guaymall\u00e9n (Mendoza), Ober\u00e1 (Misiones), Cutral C\u00f3 (Neuqu\u00e9n), San Carlos de Bariloche (R\u00edo Negro), Or\u00e1n (Salta), Caucete (San Juan), San Luis (San Luis), Caleta Olivia (Santa Cruz), Rosario (Santa Fe), La Banda (Santiago del Estero), R\u00edo Grande (Tierra del Fuego) y Monteros (Tucum\u00e1n).<\/p>\n<p>Durante el plenario, Lepere aclar\u00f3 que en el caso de Buenos Aires, \u201cLa Matanza debe ser le\u00edda como capital alterna del \u00c1rea Metropolitana\u201d, mientras que Mar del Plata corresponder\u00eda a la provincia.<\/p>\n","protected":false},"excerpt":{"rendered":"<p>La iniciativa del Poder Ejecutivo fue defendida por funcionarios en las comisiones de Asuntos Constitucionales y Presupuesto &nbsp; &nbsp; El proyecto del Poder Ejecutivo para descentralizar la administraci\u00f3n nacional declarando 24 capitales alternas comenz\u00f3 a ser analizado este martes en las comisiones de Asuntos Constitucionales y Presupuesto del Senado, donde la oposici\u00f3n propuso cambios y pidi\u00f3 precisiones sobre el impacto presupuestario de la ley. Al plenario, presidido por la senadora Mar\u00eda de los \u00c1ngeles Sacnun (Frente de Todos) asistieron el secretario de Interior, Jos\u00e9 Lepere, y el asesor ministerial Marcelo&#8230;<\/p>\n","protected":false},"author":3,"featured_media":58890,"comment_status":"closed","ping_status":"closed","sticky":false,"template":"","format":"standard","meta":[],"categories":[18],"tags":[],"_links":{"self":[{"href":"https:\/\/www.actualidadadiario.com\/index.php\/wp-json\/wp\/v2\/posts\/58889"}],"collection":[{"href":"https:\/\/www.actualidadadiario.com\/index.php\/wp-json\/wp\/v2\/posts"}],"about":[{"href":"https:\/\/www.actualidadadiario.com\/index.php\/wp-json\/wp\/v2\/types\/post"}],"author":[{"embeddable":true,"href":"https:\/\/www.actualidadadiario.com\/index.php\/wp-json\/wp\/v2\/users\/3"}],"replies":[{"embeddable":true,"href":"https:\/\/www.actualidadadiario.com\/index.php\/wp-json\/wp\/v2\/comments?post=58889"}],"version-history":[{"count":1,"href":"https:\/\/www.actualidadadiario.com\/index.php\/wp-json\/wp\/v2\/posts\/58889\/revisions"}],"predecessor-version":[{"id":58891,"href":"https:\/\/www.actualidadadiario.com\/index.php\/wp-json\/wp\/v2\/posts\/58889\/revisions\/58891"}],"wp:featuredmedia":[{"embeddable":true,"href":"https:\/\/www.actualidadadiario.com\/index.php\/wp-json\/wp\/v2\/media\/58890"}],"wp:attachment":[{"href":"https:\/\/www.actualidadadiario.com\/index.php\/wp-json\/wp\/v2\/media?parent=58889"}],"wp:term":[{"taxonomy":"category","embeddable":true,"href":"https:\/\/www.actualidadadiario.com\/index.php\/wp-json\/wp\/v2\/categories?post=58889"},{"taxonomy":"post_tag","embeddable":true,"href":"https:\/\/www.actualidadadiario.com\/index.php\/wp-json\/wp\/v2\/tags?post=58889"}],"curies":[{"name":"wp","href":"https:\/\/api.w.org\/{rel}","templated":true}]}}