{"id":58886,"date":"2020-03-11T10:41:09","date_gmt":"2020-03-11T13:41:09","guid":{"rendered":"https:\/\/www.actualidadadiario.com\/?p=58886"},"modified":"2020-03-11T10:41:09","modified_gmt":"2020-03-11T13:41:09","slug":"gerardo-morales-y-sus-jueces-en-la-mira-del-senado","status":"publish","type":"post","link":"https:\/\/www.actualidadadiario.com\/index.php\/2020\/03\/11\/gerardo-morales-y-sus-jueces-en-la-mira-del-senado\/","title":{"rendered":"Gerardo Morales y sus jueces en la mira del Senado"},"content":{"rendered":"<p style=\"text-align: center;\"><em><strong>Cruces entre oficialistas y opositores. Snopek denunci\u00f3 falta de independencia. Las causas de Milagro Sala acapararon el debate<\/strong><\/em><\/p>\n<p>&nbsp;<\/p>\n<p>Acusaciones y denuncias cruzadas le dieron marco al comienzo del debate sobre la intervenci\u00f3n del Poder Judicial en Jujuy en la Comisi\u00f3n de Asuntos Constitucionales del Senado. La reuni\u00f3n que tuvo car\u00e1cter informativo desat\u00f3, como era de esperar, la disputa pol\u00edtica entre oficialistas y opositores.<\/p>\n<p>El senador del peronismo juje\u00f1o, Guillermo Snopek,\u00a0 decidi\u00f3 justificar su pedido de intervenci\u00f3n con ejemplos concretos. Dentro de esa l\u00f3gica se\u00f1al\u00f3 que la ampliaci\u00f3n del Superior Tribunal de Justicia (STJ) tuvo como fin obtener \u201cuna mayor\u00eda autom\u00e1tica adicta\u201d\u00a0 y que la creaci\u00f3n del Ministerio P\u00fablico de la Acusaci\u00f3n y la designaci\u00f3n \u201cirregular\u201d de jueces le sirvi\u00f3 al poder pol\u00edtico para la \u201cpersecuci\u00f3n y amedrentamiento\u201d de opositores.<\/p>\n<p>A los ejemplos concretos Snopek le agreg\u00f3 los audios del propio presidente del STJ, Pablo Baca, en los que reconoce la parcialidad en las sentencias de la justicia juje\u00f1a sobre los casos de \u00edndole pol\u00edtico.<\/p>\n<p>Por su parte, la senadora radical juje\u00f1a Silvia Giacoppo propuso sin suerte \u201crechazar in l\u00edmine\u201d el proyecto. Argument\u00f3 que los cambios en la justicia juje\u00f1a estaban previstos en su Constituci\u00f3n y que fueron aprobados por una Legislatura con una mayor\u00eda que \u201ccambi\u00f3 el signo pol\u00edtico en la provincia\u201d. Adem\u00e1s, la senadora radical afirm\u00f3 que el proyecto tiene como fin la \u201cliberaci\u00f3n de Milagro Sala\u201d, a quien no consider\u00f3 una presa pol\u00edtica sino \u201cuna presa privilegiada que tendr\u00edan que cumplir condena en la C\u00e1rcel\u201d.<\/p>\n<p>Sobre el final de la reuni\u00f3n informativa se estableci\u00f3 que el debate continuar\u00e1 el pr\u00f3ximo\u00a0 el 31 de marzo, con los invitados que oficialistas y opositores propusieron para producir prueba sobre la propuesta de intervenci\u00f3n.<\/p>\n<p>La previa a la reuni\u00f3n de la comisi\u00f3n ya estaba caldeada. El gobernador Gerardo Morales viaj\u00f3 a Buenos Aires para conseguir el respaldo pol\u00edtico de los legisladores y dirigentes de Juntos por el Cambio. Se reuni\u00f3 en el Congreso con el diputado y jefe del Comit\u00e9 Nacional de la UCR, Alfredo Cornejo; el jefe del interbloque de diputados de Juntos por el Cambio, Mario Negri, y la flamante jefa del PRO, Patricia Bullrich, que ofrecieron una conferencia de prensa donde respaldaron a Morales.<\/p>\n<p>\u201cTodo esto es para liberar a Milagro Sala, en un contexto de atropello al sistema republicano, que se viene insinuando, como ya pas\u00f3 con los anteriores gobiernos kirchneristas\u201d, dijo Cornejo. \u201cLa sociedad nos ha dado un mandato de defensa de las instituciones y lo vamos a cumplir\u201d, complet\u00f3 Bullrich.<\/p>\n<p>Luego, Morales se junt\u00f3 con el bloque de senadores radicales a los que les expuso durante dos horas los principales argumentos para su defensa. Afuera del Congreso, Juntos por Cambio hab\u00eda convocado a manifestaci\u00f3n de apoyo al Gobierno juje\u00f1o (ver aparte).<\/p>\n<p>Por su parte, Snopek expuso ante la comisi\u00f3n los argumentos de su proyecto, en una reuni\u00f3n informativa en donde la presidenta Mar\u00eda de los \u00c1ngeles Sacnum (FdT) aspiraba a buscar una metodolog\u00eda de trabajo que abordara el tema.<\/p>\n<p>&#8220;Fue dif\u00edcil presentar este proyecto pero es un \u00faltimo recurso. La situaci\u00f3n en Jujuy es much\u00edsimo m\u00e1s grave que la situaci\u00f3n de la Justicia a nivel nacional&#8221;, sostuvo el senador ante la comisi\u00f3n. Pero consider\u00f3 que existe en la provincia &#8220;un direccionamiento de la Justicia con fines pol\u00edticos&#8221; y denunci\u00f3 que &#8220;se arman causas penales para infundir miedo y quebrar la voluntad pol\u00edtica&#8221;.<\/p>\n<p>Snopek afirm\u00f3 que &#8220;hace una falta una intervenci\u00f3n quir\u00fargica&#8221; en el Poder Judicial de Jujuy y calific\u00f3 &#8220;como un verdadero esc\u00e1ndalo&#8221; el hecho de que el gobernador Morales haya impuesto &#8220;una mayor\u00eda autom\u00e1tica&#8221; af\u00edn a su gobierno en la Suprema Corte de Justicia de la provincia. Tambi\u00e9n se refiri\u00f3 a los audios en los que el propio Baca, presidente del STJ, admite el direccionamientos de las causas y el reconocimiento que la dirigente social Milagro Sala no habr\u00eda cometido los delitos econ\u00f3micos por los que se la acus\u00f3, juzg\u00f3 y conden\u00f3.<\/p>\n<p>El radicalismo que colm\u00f3 el Sal\u00f3n Illia del Senado hasta con varios de sus diputados, escogi\u00f3 a la juje\u00f1a Giacoppo para defender el gobierno de Morales. Despu\u00e9s de discutir porque quer\u00eda que su intervenci\u00f3n sea acompa\u00f1ada por un power point (que no se autoriz\u00f3), afirm\u00f3 que los \u201cdiagn\u00f3sticos del proyecto son superficiales e interesados\u201d y pidi\u00f3 que se lo rechace in l\u00edmine la iniciativa.\u00a0 \u201cHay que ganar una elecci\u00f3n y mayor\u00eda en la legislatura, cuando no se tiene mayor\u00eda para respetar la voluntad de un pueblo\u201d, reclam\u00f3 la senadora y afirm\u00f3 que \u201cno es la intenci\u00f3n del se\u00f1or Presidente (Alberto Fern\u00e1ndez)\u201d intervenir la justicia juje\u00f1a.<\/p>\n<p>A trav\u00e9s de una votaci\u00f3n, el oficialismo con mayor\u00eda en la comisi\u00f3n rechaz\u00f3 el pedido de desechar el proyecto sin avanzar en el debate. Sacnum puso fecha l\u00edmite, el 25 de marzo, para la presentaci\u00f3n de solicitudes para incorporar al debate. La presidenta de la Comisi\u00f3n tambi\u00e9n dispuso que el 31 de marzo se realice un nuevo encuentro para comenzar a recibir los testimonios de personas, organizaciones e instituciones sobre el proyecto.<\/p>\n","protected":false},"excerpt":{"rendered":"<p>Cruces entre oficialistas y opositores. Snopek denunci\u00f3 falta de independencia. Las causas de Milagro Sala acapararon el debate &nbsp; Acusaciones y denuncias cruzadas le dieron marco al comienzo del debate sobre la intervenci\u00f3n del Poder Judicial en Jujuy en la Comisi\u00f3n de Asuntos Constitucionales del Senado. La reuni\u00f3n que tuvo car\u00e1cter informativo desat\u00f3, como era de esperar, la disputa pol\u00edtica entre oficialistas y opositores. El senador del peronismo juje\u00f1o, Guillermo Snopek,\u00a0 decidi\u00f3 justificar su pedido de intervenci\u00f3n con ejemplos concretos. Dentro de esa l\u00f3gica se\u00f1al\u00f3 que la ampliaci\u00f3n del Superior&#8230;<\/p>\n","protected":false},"author":3,"featured_media":58887,"comment_status":"closed","ping_status":"closed","sticky":false,"template":"","format":"standard","meta":[],"categories":[18],"tags":[],"_links":{"self":[{"href":"https:\/\/www.actualidadadiario.com\/index.php\/wp-json\/wp\/v2\/posts\/58886"}],"collection":[{"href":"https:\/\/www.actualidadadiario.com\/index.php\/wp-json\/wp\/v2\/posts"}],"about":[{"href":"https:\/\/www.actualidadadiario.com\/index.php\/wp-json\/wp\/v2\/types\/post"}],"author":[{"embeddable":true,"href":"https:\/\/www.actualidadadiario.com\/index.php\/wp-json\/wp\/v2\/users\/3"}],"replies":[{"embeddable":true,"href":"https:\/\/www.actualidadadiario.com\/index.php\/wp-json\/wp\/v2\/comments?post=58886"}],"version-history":[{"count":1,"href":"https:\/\/www.actualidadadiario.com\/index.php\/wp-json\/wp\/v2\/posts\/58886\/revisions"}],"predecessor-version":[{"id":58888,"href":"https:\/\/www.actualidadadiario.com\/index.php\/wp-json\/wp\/v2\/posts\/58886\/revisions\/58888"}],"wp:featuredmedia":[{"embeddable":true,"href":"https:\/\/www.actualidadadiario.com\/index.php\/wp-json\/wp\/v2\/media\/58887"}],"wp:attachment":[{"href":"https:\/\/www.actualidadadiario.com\/index.php\/wp-json\/wp\/v2\/media?parent=58886"}],"wp:term":[{"taxonomy":"category","embeddable":true,"href":"https:\/\/www.actualidadadiario.com\/index.php\/wp-json\/wp\/v2\/categories?post=58886"},{"taxonomy":"post_tag","embeddable":true,"href":"https:\/\/www.actualidadadiario.com\/index.php\/wp-json\/wp\/v2\/tags?post=58886"}],"curies":[{"name":"wp","href":"https:\/\/api.w.org\/{rel}","templated":true}]}}