{"id":58884,"date":"2020-03-11T10:40:28","date_gmt":"2020-03-11T13:40:28","guid":{"rendered":"https:\/\/www.actualidadadiario.com\/?p=58884"},"modified":"2020-03-11T10:40:28","modified_gmt":"2020-03-11T13:40:28","slug":"la-mesa-de-enlace-busco-despegarse-de-las-asambleas-de-autoconvocados","status":"publish","type":"post","link":"https:\/\/www.actualidadadiario.com\/index.php\/2020\/03\/11\/la-mesa-de-enlace-busco-despegarse-de-las-asambleas-de-autoconvocados\/","title":{"rendered":"La Mesa de Enlace busc\u00f3 despegarse de las asambleas de autoconvocados"},"content":{"rendered":"<p style=\"text-align: center;\"><em><strong>La Sociedad Rural no descart\u00f3 extender el cese de comercializaci\u00f3n. La Federaci\u00f3n Agraria no particip\u00f3 y evidenci\u00f3 el quiebre<\/strong><\/em><\/p>\n<p>&nbsp;<\/p>\n<p>&nbsp;<\/p>\n<p>En el segundo d\u00eda del paro del campo impulsado por la Mesa de Enlace, los ruralistas de este espacio buscaron despegarse de los productores autoconvocados, que organizar\u00e1n esta ma\u00f1ana una asamblea en el ingreso de Expoagro, en la localidad bonaerense de San Nicol\u00e1s. En los d\u00edas previos a la muestra, este grupo de productores convoc\u00f3 a trav\u00e9s de las redes sociales a una jornada en donde expresar\u00e1n su rechazo al aumento de las retenciones en soja.<\/p>\n<p>Si bien hubo foto de los cuatro presidentes de la Mesa de Enlace, la realidad es que la convocatoria al paro no se llev\u00f3 a cabo de manera un\u00e1nime y qued\u00f3 en evidencia el quiebre de Federaci\u00f3n Agraria Argentina (FAA), que no particip\u00f3 del llamado a la medida de fuerza y se limit\u00f3 a &#8220;dar libertad de acci\u00f3n&#8221; a sus bases a la hora de plegarse al reclamo.<\/p>\n<p>El presidente de la Confederaci\u00f3n Intercooperativa Agropecuaria (Coninagro), Carlos Iannizzotto habl\u00f3 en nombre de las cuatro entidades de la Mesa de Enlace y advirti\u00f3 en declaraciones period\u00edsticas que &#8220;no va a acompa\u00f1ar institucionalmente&#8221; a la asamblea de autoconvocados, pero aclar\u00f3 que &#8220;los productores y cooperativistas que quieran estar presentes, lo van a hacer&#8221;. En materia impositiva, el directivo se\u00f1al\u00f3 que tras el reclamo, desde Coninagro propondr\u00e1n medidas fiscales que apunten a reemplazar a las retenciones, como el impuesto a las Ganancias. En este punto, Iannizzotto se diferenci\u00f3 de Federaci\u00f3n Agraria y afirm\u00f3 que &#8220;con la segmentaci\u00f3n no alcanza, porque es un m\u00e9todo que no va a beneficiar a los peque\u00f1os y medianos productores&#8221;.<\/p>\n<p>El presidente de la Sociedad Rural Argentina, Daniel Pelegrina, dej\u00f3 abierta la posibilidad de extender el paro del campo al adelantar que una vez finalizada la protesta, &#8220;la Mesa de Enlace evaluar\u00e1 si la medida de fuerza termina o contin\u00faa&#8221;. Si bien reconoci\u00f3 que desde el ministerio de Agricultura dieron &#8220;una se\u00f1al&#8221; a las econom\u00edas regionales, sostuvo que el sector agropecuario necesita &#8220;la eliminaci\u00f3n total de los derechos de exportaci\u00f3n&#8221;.<\/p>\n<p>Las entidades que representan a los principales cultivos en Argentina tambi\u00e9n dieron el presente en la jornada inaugural de Expoagro y se percibieron algunas diferencias al momento de analizar el nuevo esquema de retenciones. En el caso de ACSOJA, y m\u00e1s all\u00e1 del malestar por la suba de los derechos de exportaci\u00f3n a los subproductos, tuvieron un gui\u00f1o hacia el Gobierno nacional: &#8220;M\u00e1s que tirar piedras, hay que tirarle sogas al Gobierno para salir de esta situaci\u00f3n complicada&#8221;, se\u00f1al\u00f3 el presidente de la entidad, Luis Zubizarreta. Por el lado de los cereales, si bien tanto trigo como ma\u00edz no sufrieron modificaciones, el titular de Argentrigo, Miguel Can\u00e9, remarc\u00f3 que &#8220;las retenciones son un mal impuesto&#8221;.<\/p>\n<p>El Gobernador de Santa Fe, Omar Perotti particip\u00f3 en la inauguraci\u00f3n de la exposici\u00f3n y, en relaci\u00f3n al cese de comercializaci\u00f3n de hacienda y granos, lanzado por el ruralismo, consider\u00f3 que &#8220;no es momento de primac\u00edas sectoriales en los reclamos&#8221;.<\/p>\n","protected":false},"excerpt":{"rendered":"<p>La Sociedad Rural no descart\u00f3 extender el cese de comercializaci\u00f3n. La Federaci\u00f3n Agraria no particip\u00f3 y evidenci\u00f3 el quiebre &nbsp; &nbsp; En el segundo d\u00eda del paro del campo impulsado por la Mesa de Enlace, los ruralistas de este espacio buscaron despegarse de los productores autoconvocados, que organizar\u00e1n esta ma\u00f1ana una asamblea en el ingreso de Expoagro, en la localidad bonaerense de San Nicol\u00e1s. En los d\u00edas previos a la muestra, este grupo de productores convoc\u00f3 a trav\u00e9s de las redes sociales a una jornada en donde expresar\u00e1n su rechazo&#8230;<\/p>\n","protected":false},"author":3,"featured_media":58488,"comment_status":"closed","ping_status":"closed","sticky":false,"template":"","format":"standard","meta":[],"categories":[18],"tags":[],"_links":{"self":[{"href":"https:\/\/www.actualidadadiario.com\/index.php\/wp-json\/wp\/v2\/posts\/58884"}],"collection":[{"href":"https:\/\/www.actualidadadiario.com\/index.php\/wp-json\/wp\/v2\/posts"}],"about":[{"href":"https:\/\/www.actualidadadiario.com\/index.php\/wp-json\/wp\/v2\/types\/post"}],"author":[{"embeddable":true,"href":"https:\/\/www.actualidadadiario.com\/index.php\/wp-json\/wp\/v2\/users\/3"}],"replies":[{"embeddable":true,"href":"https:\/\/www.actualidadadiario.com\/index.php\/wp-json\/wp\/v2\/comments?post=58884"}],"version-history":[{"count":1,"href":"https:\/\/www.actualidadadiario.com\/index.php\/wp-json\/wp\/v2\/posts\/58884\/revisions"}],"predecessor-version":[{"id":58885,"href":"https:\/\/www.actualidadadiario.com\/index.php\/wp-json\/wp\/v2\/posts\/58884\/revisions\/58885"}],"wp:featuredmedia":[{"embeddable":true,"href":"https:\/\/www.actualidadadiario.com\/index.php\/wp-json\/wp\/v2\/media\/58488"}],"wp:attachment":[{"href":"https:\/\/www.actualidadadiario.com\/index.php\/wp-json\/wp\/v2\/media?parent=58884"}],"wp:term":[{"taxonomy":"category","embeddable":true,"href":"https:\/\/www.actualidadadiario.com\/index.php\/wp-json\/wp\/v2\/categories?post=58884"},{"taxonomy":"post_tag","embeddable":true,"href":"https:\/\/www.actualidadadiario.com\/index.php\/wp-json\/wp\/v2\/tags?post=58884"}],"curies":[{"name":"wp","href":"https:\/\/api.w.org\/{rel}","templated":true}]}}