{"id":58880,"date":"2020-03-11T10:39:50","date_gmt":"2020-03-11T13:39:50","guid":{"rendered":"https:\/\/www.actualidadadiario.com\/?p=58880"},"modified":"2020-03-11T10:39:50","modified_gmt":"2020-03-11T13:39:50","slug":"gobierno-y-empresarios-ponen-obras-en-marcha-para-garantizar-el-acceso-a-agua-segura-a-la-comunidad-wichi","status":"publish","type":"post","link":"https:\/\/www.actualidadadiario.com\/index.php\/2020\/03\/11\/gobierno-y-empresarios-ponen-obras-en-marcha-para-garantizar-el-acceso-a-agua-segura-a-la-comunidad-wichi\/","title":{"rendered":"Gobierno y empresarios ponen obras en marcha para garantizar el acceso a agua segura a la comunidad wichi"},"content":{"rendered":"<p style=\"text-align: center;\"><em><strong>Las obras inauguradas en una primera etapa son para la extracci\u00f3n y abastecimiento de agua segura para la poblaci\u00f3n de Santa Victoria Este, donde se registraron muertes de chicos como consecuencia de la falta de acceso<\/strong><\/em><\/p>\n<p>&nbsp;<\/p>\n<p>&nbsp;<\/p>\n<p>La titular del Consejo Nacional de Coordinaci\u00f3n de Pol\u00edticas Sociales, Victoria Tolosa Paz, y el gobernador de Salta, Gustavo S\u00e1enz, pusieron en marcha hoy un plan de abordaje integral para Salta, al inaugurar la primera de cuatro perforaciones que ser\u00e1n financiadas por el sector privado y que, una vez concluidas, garantizar\u00e1n el acceso al agua segura en puntos cr\u00edticos de esa provincia declarada en emergencia sanitaria.<\/p>\n<p>Tolosa Paz sostuvo que, &#8220;cuando el presidente Alberto Fern\u00e1ndez nos convoc\u00f3 a los argentinos&#8221;, nos dio el &#8220;desaf\u00edo a que tanto el sector p\u00fablico como el privado articul\u00e1semos medidas para poder trabajar en el combate al hambre, y eso es lo que venimos a hacer hoy&#8221;.<\/p>\n<p>&#8220;En esta articulaci\u00f3n p\u00fablico privada podemos dar los primeros resultados como inaugurar la primera obra de pozos con inversi\u00f3n netamente privado, que pertenece al grupo empresario de Pampa Energ\u00eda, junto a la fundaci\u00f3n de Marcelo Tinelli&#8221;, agreg\u00f3.<\/p>\n<p>Tolosa Paz, quien viaj\u00f3 a Salta acompa\u00f1ada por el presidente de YPF, Guillermo NIelsen, sostuvo que &#8220;son siete los pozos que se van a establecer de manera inmediata en los pr\u00f3ximos meses&#8221;.<\/p>\n<p>El plan es fruto de la articulaci\u00f3n p\u00fablico-privada, en la que se unieron esfuerzos para atender las necesidades en materia de salud, atenci\u00f3n nutricional e infraestructura b\u00e1sica de m\u00e1s de 40.000 wichis que habitan el norte argentino.<\/p>\n<p>Uno de los pozos que se perforar\u00e1n estar\u00e1 a cargo de la C\u00e1mara Argentina de la Energ\u00eda (CADE), con la compa\u00f1\u00eda YPF a la cabeza; Pampa Energ\u00eda har\u00e1 dos y la fundaci\u00f3n LaFlia de Marcelo Tinelli, el restante.<\/p>\n<p>Nielsen, por su parte, indic\u00f3: &#8220;Queremos dar una se\u00f1al contundente de ayuda a sectores en situaciones de vulnerabilidad&#8221;.<\/p>\n<p>&#8220;Indudablemente, es una situaci\u00f3n muy extrema y, por eso, es que estamos yendo con YPF y varios colegas de la C\u00e1mara de Energ\u00eda -conformada por empresas petroleras en Argentina- para hacer los pozos de agua y el tratamiento de la misma para que sea absolutamente potable en una zona extrema muy cerca de la frontera de Bolivia&#8221;, explic\u00f3.<\/p>\n<p>En el acto, el intendente local, Rogelio Ner\u00f3n, expres\u00f3 que &#8220;el sue\u00f1o ind\u00edgena lo inici\u00e9 hace muy poco para ser candidato ind\u00edgena&#8221; y agreg\u00f3: &#8220;Soy el intendente m\u00e1s pobre del pa\u00eds: no tengo ni casa y tengo que estar usando unas casas del municipio, pero estoy feliz&#8221;.<\/p>\n<p>&#8220;Entre la provincia de Salta y la Naci\u00f3n nos est\u00e1n ayudando con bolsones de alimentos pero quiero un futuro m\u00e1s grande para mi pueblo y que haya producci\u00f3n que nos d\u00e9 posibilidades de tener herramientas que sirvan para producir&#8221;, dijo Ner\u00f3n, el primer jefe comunal proveniente de la comunidad wichi desde el 10 de diciembre.<\/p>\n<p>El intendente del Frente de Todos indic\u00f3 que sab\u00eda que hab\u00eda &#8220;corazones grandes&#8221; y que &#8220;si alg\u00fan d\u00eda si los ind\u00edgenas lleg\u00e1bamos al poder y ped\u00edamos una mano para poder salir de esta situaci\u00f3n de muertes y pobreza, alguien nos iba a ayudar y ahora lo vemos: tenemos ambulancia y pozos de agua&#8221;.<\/p>\n<p>&#8220;Queremos ver a Santa Victoria de pie y progresar; van a venir muchas cosas m\u00e1s: Tinelli dijo que va a seguir ayudando&#8221;, destac\u00f3.<\/p>\n<p>Participaron tambi\u00e9n en el acto los presidentes de Pampa Energ\u00eda, Marcelo Mindlin; de la Fundaci\u00f3n Pampa Energ\u00eda, Pablo D\u00edaz; el empresario de medios Marcelo Tinelli; Carlos Magari\u00f1os por la C\u00e1mara Argentina de la Energ\u00eda; y Eduardo Kronberg por la automotriz Toyota Argentina, adem\u00e1s de funcionarios nacionales y provinciales.<\/p>\n","protected":false},"excerpt":{"rendered":"<p>Las obras inauguradas en una primera etapa son para la extracci\u00f3n y abastecimiento de agua segura para la poblaci\u00f3n de Santa Victoria Este, donde se registraron muertes de chicos como consecuencia de la falta de acceso &nbsp; &nbsp; La titular del Consejo Nacional de Coordinaci\u00f3n de Pol\u00edticas Sociales, Victoria Tolosa Paz, y el gobernador de Salta, Gustavo S\u00e1enz, pusieron en marcha hoy un plan de abordaje integral para Salta, al inaugurar la primera de cuatro perforaciones que ser\u00e1n financiadas por el sector privado y que, una vez concluidas, garantizar\u00e1n el&#8230;<\/p>\n","protected":false},"author":3,"featured_media":58882,"comment_status":"closed","ping_status":"closed","sticky":false,"template":"","format":"standard","meta":[],"categories":[18],"tags":[],"_links":{"self":[{"href":"https:\/\/www.actualidadadiario.com\/index.php\/wp-json\/wp\/v2\/posts\/58880"}],"collection":[{"href":"https:\/\/www.actualidadadiario.com\/index.php\/wp-json\/wp\/v2\/posts"}],"about":[{"href":"https:\/\/www.actualidadadiario.com\/index.php\/wp-json\/wp\/v2\/types\/post"}],"author":[{"embeddable":true,"href":"https:\/\/www.actualidadadiario.com\/index.php\/wp-json\/wp\/v2\/users\/3"}],"replies":[{"embeddable":true,"href":"https:\/\/www.actualidadadiario.com\/index.php\/wp-json\/wp\/v2\/comments?post=58880"}],"version-history":[{"count":1,"href":"https:\/\/www.actualidadadiario.com\/index.php\/wp-json\/wp\/v2\/posts\/58880\/revisions"}],"predecessor-version":[{"id":58883,"href":"https:\/\/www.actualidadadiario.com\/index.php\/wp-json\/wp\/v2\/posts\/58880\/revisions\/58883"}],"wp:featuredmedia":[{"embeddable":true,"href":"https:\/\/www.actualidadadiario.com\/index.php\/wp-json\/wp\/v2\/media\/58882"}],"wp:attachment":[{"href":"https:\/\/www.actualidadadiario.com\/index.php\/wp-json\/wp\/v2\/media?parent=58880"}],"wp:term":[{"taxonomy":"category","embeddable":true,"href":"https:\/\/www.actualidadadiario.com\/index.php\/wp-json\/wp\/v2\/categories?post=58880"},{"taxonomy":"post_tag","embeddable":true,"href":"https:\/\/www.actualidadadiario.com\/index.php\/wp-json\/wp\/v2\/tags?post=58880"}],"curies":[{"name":"wp","href":"https:\/\/api.w.org\/{rel}","templated":true}]}}