{"id":58877,"date":"2020-03-11T10:38:49","date_gmt":"2020-03-11T13:38:49","guid":{"rendered":"https:\/\/www.actualidadadiario.com\/?p=58877"},"modified":"2020-03-11T10:38:49","modified_gmt":"2020-03-11T13:38:49","slug":"el-gobierno-envio-al-senado-el-pliego-de-rafecas-para-el-cargo-de-procurador","status":"publish","type":"post","link":"https:\/\/www.actualidadadiario.com\/index.php\/2020\/03\/11\/el-gobierno-envio-al-senado-el-pliego-de-rafecas-para-el-cargo-de-procurador\/","title":{"rendered":"El Gobierno envi\u00f3 al Senado el pliego de Rafecas para el cargo de Procurador"},"content":{"rendered":"<p style=\"text-align: center;\"><em><strong>El Gobierno envi\u00f3 al Senado el pliego que propone a Daniel Rafecas como procurador general de la Naci\u00f3n, mientras contin\u00faan las negociaciones con la oposici\u00f3n y bloques independientes para su aprobaci\u00f3n<\/strong><\/em><\/p>\n<p>&nbsp;<\/p>\n<p>La C\u00e1mara alta le dar\u00e1 ingreso formal al pliego en la sesi\u00f3n del mi\u00e9rcoles y de all\u00ed pasar\u00e1 a ser tratado por la Comisi\u00f3n de Acuerdos que encabeza la camporista Anabel Fern\u00e1ndez Sagasti, aunque todav\u00eda no hay una fecha de reuni\u00f3n prevista.<\/p>\n<p>Para aprobar el nombramiento del nuevo jefe de los fiscales, el oficialismo necesita tener el acompa\u00f1amiento de dos tercios de los senadores presentes en la sesi\u00f3n, un total de 48 votos en caso de que asistan los 72 senadores, n\u00famero al que el Frente de Todos no llega por s\u00ed solo.<\/p>\n<p>En el oficialismo conf\u00edan en contar con los votos necesarios pero la bancada opositora Juntos por el Cambio puso en duda su acompa\u00f1amiento d\u00edas atr\u00e1s, a trav\u00e9s del presidente de la UCR, Alfredo Cornejo, y la predisposici\u00f3n baj\u00f3 todav\u00eda m\u00e1s a partir del proyecto para intervenir la Justicia de Jujuy que present\u00f3 el senador oficialista Guillermo Snopek.<\/p>\n<p>El nombramiento es importante en el marco de la puesta en marcha del nuevo C\u00f3digo Procesal Penal por el que comenzar\u00e1 a regir el sistema acusatorio, que pone las investigaciones en manos de los fiscales en lugar de los jueces, como ocurre actualmente.<\/p>\n","protected":false},"excerpt":{"rendered":"<p>El Gobierno envi\u00f3 al Senado el pliego que propone a Daniel Rafecas como procurador general de la Naci\u00f3n, mientras contin\u00faan las negociaciones con la oposici\u00f3n y bloques independientes para su aprobaci\u00f3n &nbsp; La C\u00e1mara alta le dar\u00e1 ingreso formal al pliego en la sesi\u00f3n del mi\u00e9rcoles y de all\u00ed pasar\u00e1 a ser tratado por la Comisi\u00f3n de Acuerdos que encabeza la camporista Anabel Fern\u00e1ndez Sagasti, aunque todav\u00eda no hay una fecha de reuni\u00f3n prevista. Para aprobar el nombramiento del nuevo jefe de los fiscales, el oficialismo necesita tener el acompa\u00f1amiento&#8230;<\/p>\n","protected":false},"author":3,"featured_media":58878,"comment_status":"closed","ping_status":"closed","sticky":false,"template":"","format":"standard","meta":[],"categories":[18],"tags":[],"_links":{"self":[{"href":"https:\/\/www.actualidadadiario.com\/index.php\/wp-json\/wp\/v2\/posts\/58877"}],"collection":[{"href":"https:\/\/www.actualidadadiario.com\/index.php\/wp-json\/wp\/v2\/posts"}],"about":[{"href":"https:\/\/www.actualidadadiario.com\/index.php\/wp-json\/wp\/v2\/types\/post"}],"author":[{"embeddable":true,"href":"https:\/\/www.actualidadadiario.com\/index.php\/wp-json\/wp\/v2\/users\/3"}],"replies":[{"embeddable":true,"href":"https:\/\/www.actualidadadiario.com\/index.php\/wp-json\/wp\/v2\/comments?post=58877"}],"version-history":[{"count":1,"href":"https:\/\/www.actualidadadiario.com\/index.php\/wp-json\/wp\/v2\/posts\/58877\/revisions"}],"predecessor-version":[{"id":58879,"href":"https:\/\/www.actualidadadiario.com\/index.php\/wp-json\/wp\/v2\/posts\/58877\/revisions\/58879"}],"wp:featuredmedia":[{"embeddable":true,"href":"https:\/\/www.actualidadadiario.com\/index.php\/wp-json\/wp\/v2\/media\/58878"}],"wp:attachment":[{"href":"https:\/\/www.actualidadadiario.com\/index.php\/wp-json\/wp\/v2\/media?parent=58877"}],"wp:term":[{"taxonomy":"category","embeddable":true,"href":"https:\/\/www.actualidadadiario.com\/index.php\/wp-json\/wp\/v2\/categories?post=58877"},{"taxonomy":"post_tag","embeddable":true,"href":"https:\/\/www.actualidadadiario.com\/index.php\/wp-json\/wp\/v2\/tags?post=58877"}],"curies":[{"name":"wp","href":"https:\/\/api.w.org\/{rel}","templated":true}]}}