{"id":58875,"date":"2020-03-11T10:38:00","date_gmt":"2020-03-11T13:38:00","guid":{"rendered":"https:\/\/www.actualidadadiario.com\/?p=58875"},"modified":"2020-03-11T10:38:00","modified_gmt":"2020-03-11T13:38:00","slug":"el-proyecto-de-aborto-legal-ingresara-este-miercoles-a-diputados","status":"publish","type":"post","link":"https:\/\/www.actualidadadiario.com\/index.php\/2020\/03\/11\/el-proyecto-de-aborto-legal-ingresara-este-miercoles-a-diputados\/","title":{"rendered":"El proyecto de aborto legal ingresar\u00e1 este mi\u00e9rcoles a Diputados"},"content":{"rendered":"<p style=\"text-align: center;\"><em><strong>El nuevo texto permitir\u00e1 la interrupci\u00f3n voluntaria del embarazo hasta la semana 14 e incluir\u00e1 la objeci\u00f3n de conciencia<\/strong><\/em><\/p>\n<p>&nbsp;<\/p>\n<p>&nbsp;<\/p>\n<p>El proyecto de Interrupci\u00f3n Voluntaria del Embarazo que el presidente Alberto Fern\u00e1ndez anunci\u00f3 en su discurso del 1\u00b0 de marzo ingresar\u00e1 -seg\u00fan pudo saber \u00c1mbito-, este mi\u00e9rcoles a la C\u00e1mara de Diputados, junto con el proyecto de los 1000 d\u00edas, que proteger\u00e1 a la mujer embarazada y sus hijos hasta los dos a\u00f1os de edad.<\/p>\n<p>Para la semana que viene quedar\u00e1 la iniciativa, tambi\u00e9n impulsada por el Gobierno, que buscar\u00e1 reformar la Justicia Federal.<\/p>\n<p>El env\u00edo del proyecto se realizar\u00e1 en medio de las cr\u00edticas recibidas por la Iglesia y ante el reclamo de legalizaci\u00f3n realizado por el movimiento de mujeres en el marco del D\u00eda Internacional de la Mujer Trabajadora y el paro de este 8 y 9 de marzo.<\/p>\n<p>El Presidente afirm\u00f3 anoche en una entrevista televisiva que la ley de Interrupci\u00f3n Voluntaria del Embarazo &#8220;no es volver obligatorio el aborto&#8221; y sostuvo que &#8220;respeta&#8221; las diversas posturas al respecto.<\/p>\n<p>En el caso del proyecto de ley de legalizaci\u00f3n del aborto, se incluir\u00e1 la denominada &#8220;objeci\u00f3n de conciencia&#8221;, seg\u00fan adelant\u00f3 el ministro de Salud, Gin\u00e9s Gonz\u00e1lez Garc\u00eda, este fin de semana en declaraciones period\u00edsticas.<\/p>\n<p>Adem\u00e1s, adelant\u00f3 que el proyecto -que se sumar\u00e1 al ya existente de la Campa\u00f1a Nacional por el Aborto legal, seguro y gratuito- propondr\u00e1 que el plazo prevista en el texto para realizar el procedimiento sea hasta la semana 14 de gestaci\u00f3n para proteger a &#8220;quienes llegan tarde, mal, y no tienen acceso&#8221;.<\/p>\n<p>&#8220;Ten\u00e9s que darle un par de semanas m\u00e1s porque despu\u00e9s de eso no se puede. Esa es la raz\u00f3n, no es una pelea biol\u00f3gica del tama\u00f1o del embri\u00f3n, es un problema de accesibilidad, nada m\u00e1s&#8221;, enfatiz\u00f3.<\/p>\n<p>&#8220;El proyecto va a ser muy expl\u00edcito, pero va a tener penas, no sobre la mujer, pero s\u00ed con quien cobre, el que salga fuera de la norma, el que lo haga despu\u00e9s de las 14 semanas, con el m\u00e9dico que lo haga, el que usufruct\u00fae econ\u00f3micamente, el que no cumpla con las causales como riesgo de vida de la mujer o violaci\u00f3n&#8221;, a\u00f1adi\u00f3.<\/p>\n<p>Sobre la posici\u00f3n de la Iglesia, la ministra de las Mujeres, G\u00e9neros y Diversidad, Elizabeth G\u00f3mez Alcorta, sostuvo que &#8220;no hay que tener miedo a los debates&#8221; ni a &#8220;las miradas cr\u00edticas&#8221;, luego de la misa convocada por la Iglesia en rechazo el proyecto para legalizar el aborto.<\/p>\n<p>En tanto, la propuesta de los 1.000 d\u00edas apunta a evitar que se recurra al aborto por el solo factor de la pobreza.<\/p>\n<p>El Gobierno nacional tendr\u00e1 como &#8220;uno de los principales desaf\u00edos&#8221; la aprobaci\u00f3n del proyecto en el Senado, donde fue rechazado en 2018, tras recibir media sanci\u00f3n de la C\u00e1mara de Diputados.<\/p>\n","protected":false},"excerpt":{"rendered":"<p>El nuevo texto permitir\u00e1 la interrupci\u00f3n voluntaria del embarazo hasta la semana 14 e incluir\u00e1 la objeci\u00f3n de conciencia &nbsp; &nbsp; El proyecto de Interrupci\u00f3n Voluntaria del Embarazo que el presidente Alberto Fern\u00e1ndez anunci\u00f3 en su discurso del 1\u00b0 de marzo ingresar\u00e1 -seg\u00fan pudo saber \u00c1mbito-, este mi\u00e9rcoles a la C\u00e1mara de Diputados, junto con el proyecto de los 1000 d\u00edas, que proteger\u00e1 a la mujer embarazada y sus hijos hasta los dos a\u00f1os de edad. Para la semana que viene quedar\u00e1 la iniciativa, tambi\u00e9n impulsada por el Gobierno, que&#8230;<\/p>\n","protected":false},"author":3,"featured_media":58711,"comment_status":"closed","ping_status":"closed","sticky":false,"template":"","format":"standard","meta":[],"categories":[9],"tags":[],"_links":{"self":[{"href":"https:\/\/www.actualidadadiario.com\/index.php\/wp-json\/wp\/v2\/posts\/58875"}],"collection":[{"href":"https:\/\/www.actualidadadiario.com\/index.php\/wp-json\/wp\/v2\/posts"}],"about":[{"href":"https:\/\/www.actualidadadiario.com\/index.php\/wp-json\/wp\/v2\/types\/post"}],"author":[{"embeddable":true,"href":"https:\/\/www.actualidadadiario.com\/index.php\/wp-json\/wp\/v2\/users\/3"}],"replies":[{"embeddable":true,"href":"https:\/\/www.actualidadadiario.com\/index.php\/wp-json\/wp\/v2\/comments?post=58875"}],"version-history":[{"count":1,"href":"https:\/\/www.actualidadadiario.com\/index.php\/wp-json\/wp\/v2\/posts\/58875\/revisions"}],"predecessor-version":[{"id":58876,"href":"https:\/\/www.actualidadadiario.com\/index.php\/wp-json\/wp\/v2\/posts\/58875\/revisions\/58876"}],"wp:featuredmedia":[{"embeddable":true,"href":"https:\/\/www.actualidadadiario.com\/index.php\/wp-json\/wp\/v2\/media\/58711"}],"wp:attachment":[{"href":"https:\/\/www.actualidadadiario.com\/index.php\/wp-json\/wp\/v2\/media?parent=58875"}],"wp:term":[{"taxonomy":"category","embeddable":true,"href":"https:\/\/www.actualidadadiario.com\/index.php\/wp-json\/wp\/v2\/categories?post=58875"},{"taxonomy":"post_tag","embeddable":true,"href":"https:\/\/www.actualidadadiario.com\/index.php\/wp-json\/wp\/v2\/tags?post=58875"}],"curies":[{"name":"wp","href":"https:\/\/api.w.org\/{rel}","templated":true}]}}