{"id":58872,"date":"2020-03-11T10:37:13","date_gmt":"2020-03-11T13:37:13","guid":{"rendered":"https:\/\/www.actualidadadiario.com\/?p=58872"},"modified":"2020-03-11T10:37:13","modified_gmt":"2020-03-11T13:37:13","slug":"alberto-anuncio-una-partida-especial-de-1-700-millones-para-contener-el-coronavirus","status":"publish","type":"post","link":"https:\/\/www.actualidadadiario.com\/index.php\/2020\/03\/11\/alberto-anuncio-una-partida-especial-de-1-700-millones-para-contener-el-coronavirus\/","title":{"rendered":"Alberto anunci\u00f3 una partida especial de $1.700 millones para contener el coronavirus"},"content":{"rendered":"<p style=\"text-align: center;\"><em><strong>La secretaria de Acceso a la Salud les pidi\u00f3 a los mayores de 65 no salir de su hogar. Moroni aclar\u00f3 que no se descontar\u00e1n sueldos por autocuarentena<\/strong><\/em><\/p>\n<p>&nbsp;<\/p>\n<p>Luego de una reuni\u00f3n interministerial con Alberto Fern\u00e1ndez, Claudio Moroni y Gin\u00e9s Garc\u00eda Gonz\u00e1lez entre otros, de la que participaron infect\u00f3logos, el gobierno decidi\u00f3 tomar nuevas medidas. &#8220;El presidente anunci\u00f3 una partida especial de $1.700 millones&#8221;, asegur\u00f3 la secretaria de Acceso a la Salud, Carla Vizzotti en una conferencia de prensa al t\u00e9rmino del encuentro.<\/p>\n<p>Seg\u00fan detall\u00f3 Vizzotti la partida estar\u00e1 destinada a los laboratorios y a los hospitales para que no falten reactivos de diagn\u00f3stico de enfermedades respiratorias, as\u00ed como a la capcitaci\u00f3n del personal de los centros de salud. La secretaria tambi\u00e9n destac\u00f3 que esta semana se va a completar la compra de la vacuna contra la influenza para la distribuci\u00f3n temprana de las vacunas que ir\u00e1n conjugadas con una vacuna contra el neumococo, que causa neumon\u00edas graves.<\/p>\n<p>En este sentido, pidi\u00f3 a la poblaci\u00f3n de riesgo y, en especial a los mayores de 65 a\u00f1os, que se vacunen preventivamente contra la influenza para que, en caso de un cuadro gripal, sea m\u00e1s f\u00e1cil diagnosticar el coronavirus. Adem\u00e1s les solicit\u00f3 que se queden en sus hogares, que se abstengan de concurrir a cines, teatros y centros de jubilados, as\u00ed como les pidi\u00f3 al resto de la poblaci\u00f3n que, si presenta alg\u00fan s\u00edntoma, evite el contacto con personas mayores.<\/p>\n<p>Al com\u00fan de la poblaci\u00f3n se les reiter\u00f3 la recomendaci\u00f3n del lavado frecuente de manos, a la que se sum\u00f3 a la de no viajar a las zonas de circulaci\u00f3n del virus: Europa, Estados Unidos, ir\u00e1n, China, Corea del Sur y Jap\u00f3n.<\/p>\n<p>Antes de la conferencia de prensa, el ministro de Trabajo aclar\u00f3 que a los que vuelvan de esos destinos se les pide que se autoimpongan 14 d\u00edas de cuarentena durante los cuales no se les descontar\u00e1 la ausencia de sus recibos de sueldo para cumplir con la recomendaci\u00f3n del Ministerio de Salud.<\/p>\n<p>A ambos lados de Vizzotti se sentaron el inefct\u00f3logo Pedro Cahn de la Fundaci\u00f3n Huesped y la embajadora especial de la OMS para Latinoam\u00e9rica, Mirta Roses, quien explic\u00f3 que los term\u00f3metros en los aeropuertos son una medida f\u00fatil y que confiar en esa medida fue uno de los errores que cometi\u00f3 Italia en la prevenci\u00f3n: gast\u00f3 recursos en atender a personas con fiebre que no ten\u00eda coronavirus y no detect\u00f3 a los que s\u00ed estaban infectados pero sin s\u00edntomas (estos tardan hasta 14 d\u00edas en presentarse).<\/p>\n<p>En cambio, apel\u00f3 a la responsabilidad social individual de los viajeros para informar si estuvieron en zonas de alta circulaci\u00f3n y destac\u00f3 que el objetivo es proteger a los m\u00e1s vulnerables sin repetir los errores de la epidemia de dengue de R\u00edo de Janeiro, en la cual la saturaci\u00f3n de los centros de salud hizo que m\u00e1s personas que necesitaban atenci\u00f3n fallecieran por otras causas (embarazos, accidentes, etc.) que por dengue.<\/p>\n<p>A su tiempo, el doctor Cahn record\u00f3 que &#8220;Estamos en presencia de una epidemia din\u00e1mica&#8221; y que las afirmaciones de hoy pueden dejar de ser v\u00e1lidas en poco tiempo. &#8220;Hoy en d\u00eda no hay circulaci\u00f3n comprobada, estamos en la fase de contenci\u00f3n&#8221;, dijo.<\/p>\n<p>En este sentido y en respuesta a una pregunta sobre el futuro de la Copa Libertadores, sostuvo que &#8220;No est\u00e1 previsto suspender eventos mientras estemos en fase de contenci\u00f3n&#8221; y sean con p\u00fablico local, pero no descart\u00f3 que m\u00e1s adelante se suspendan eventos que impliquen la movilizaci\u00f3n de personas provenientes de zonas con circulaci\u00f3n del coronavirus.<\/p>\n","protected":false},"excerpt":{"rendered":"<p>La secretaria de Acceso a la Salud les pidi\u00f3 a los mayores de 65 no salir de su hogar. Moroni aclar\u00f3 que no se descontar\u00e1n sueldos por autocuarentena &nbsp; Luego de una reuni\u00f3n interministerial con Alberto Fern\u00e1ndez, Claudio Moroni y Gin\u00e9s Garc\u00eda Gonz\u00e1lez entre otros, de la que participaron infect\u00f3logos, el gobierno decidi\u00f3 tomar nuevas medidas. &#8220;El presidente anunci\u00f3 una partida especial de $1.700 millones&#8221;, asegur\u00f3 la secretaria de Acceso a la Salud, Carla Vizzotti en una conferencia de prensa al t\u00e9rmino del encuentro. Seg\u00fan detall\u00f3 Vizzotti la partida estar\u00e1&#8230;<\/p>\n","protected":false},"author":3,"featured_media":58873,"comment_status":"closed","ping_status":"closed","sticky":false,"template":"","format":"standard","meta":[],"categories":[9],"tags":[],"_links":{"self":[{"href":"https:\/\/www.actualidadadiario.com\/index.php\/wp-json\/wp\/v2\/posts\/58872"}],"collection":[{"href":"https:\/\/www.actualidadadiario.com\/index.php\/wp-json\/wp\/v2\/posts"}],"about":[{"href":"https:\/\/www.actualidadadiario.com\/index.php\/wp-json\/wp\/v2\/types\/post"}],"author":[{"embeddable":true,"href":"https:\/\/www.actualidadadiario.com\/index.php\/wp-json\/wp\/v2\/users\/3"}],"replies":[{"embeddable":true,"href":"https:\/\/www.actualidadadiario.com\/index.php\/wp-json\/wp\/v2\/comments?post=58872"}],"version-history":[{"count":1,"href":"https:\/\/www.actualidadadiario.com\/index.php\/wp-json\/wp\/v2\/posts\/58872\/revisions"}],"predecessor-version":[{"id":58874,"href":"https:\/\/www.actualidadadiario.com\/index.php\/wp-json\/wp\/v2\/posts\/58872\/revisions\/58874"}],"wp:featuredmedia":[{"embeddable":true,"href":"https:\/\/www.actualidadadiario.com\/index.php\/wp-json\/wp\/v2\/media\/58873"}],"wp:attachment":[{"href":"https:\/\/www.actualidadadiario.com\/index.php\/wp-json\/wp\/v2\/media?parent=58872"}],"wp:term":[{"taxonomy":"category","embeddable":true,"href":"https:\/\/www.actualidadadiario.com\/index.php\/wp-json\/wp\/v2\/categories?post=58872"},{"taxonomy":"post_tag","embeddable":true,"href":"https:\/\/www.actualidadadiario.com\/index.php\/wp-json\/wp\/v2\/tags?post=58872"}],"curies":[{"name":"wp","href":"https:\/\/api.w.org\/{rel}","templated":true}]}}