{"id":58868,"date":"2020-03-11T10:35:49","date_gmt":"2020-03-11T13:35:49","guid":{"rendered":"https:\/\/www.actualidadadiario.com\/?p=58868"},"modified":"2020-03-11T10:35:49","modified_gmt":"2020-03-11T13:35:49","slug":"los-aumentos-de-precios-empiezan-a-desacelerarse","status":"publish","type":"post","link":"https:\/\/www.actualidadadiario.com\/index.php\/2020\/03\/11\/los-aumentos-de-precios-empiezan-a-desacelerarse\/","title":{"rendered":"Los aumentos de precios empiezan a desacelerarse"},"content":{"rendered":"<p style=\"text-align: center;\"><em><strong>El IET calcul\u00f3 una inflaci\u00f3n del 1,7 por ciento en febrero, la m\u00e1s baja desde noviembre de 2017<\/strong><\/em><\/p>\n<p>&nbsp;<\/p>\n<p>La inflaci\u00f3n de febrero se ubic\u00f3 en 1,7 por ciento, seg\u00fan el relevamiento del Instituto Estad\u00edstico de los Trabajadores de la UMET. Se trata de la cifra m\u00e1s baja desde noviembre de 2017 y muestra que las medidas para contener la inercia inflacionaria del equipo econ\u00f3mico comienzan a dar resultado. A nivel interanual, los precios mostraron un avance del 49,7 por ciento. Es la primera vez desde febrero del a\u00f1o pasado que la inflaci\u00f3n interanual arroja una cifra menor al 50 por ciento.<\/p>\n<p>El informe de la UMET registr\u00f3 que \u201clos precios estuvieron motorizados por el rubro de Alimentos y bebidas, que treparon 3,3 por ciento de la mano de estacionales como las frutas y las verduras, que subieron respectivamente 12,3 y 11 por ciento\u201d. En segundo lugar, el rengl\u00f3n Transporte y comunicaciones mostr\u00f3 un encarecimiento de 2,3 por ciento, lo cual es atribuible a alzas en autos cero kil\u00f3metro, aceites lubricantes y cubiertas. En tercer orden, Vivienda y sus servicios present\u00f3 un alza promedio del 1,9 por ciento, debido a alquileres. En este punto debe mencionarse que las tarifas de los servicios p\u00fablicos estuvieron congelados en febrero, al igual que en los \u00faltimos meses.<\/p>\n<p>Por debajo del promedio de inflaci\u00f3n se situ\u00f3 el rubro de Equipamiento y mantenimiento del hogar (1,4 por ciento), impulsado por subas puntuales en ciertos electrodom\u00e9sticos y tambi\u00e9n en algunos productos de limpieza como jab\u00f3n blanco. El bloque Salud tuvo un alza de 1 por ciento, en un mes en donde no hubo incrementos en prepagas pero s\u00ed en algunos medicamentos. En Otros bienes y servicios se marcaron subas de 1 por ciento destac\u00e1ndose algunos aumentos moderados en m\u00e1quinas de afeitar y desodorantes.<\/p>\n<p>Adem\u00e1s, Indumentaria y calzado y Educaci\u00f3n treparon por debajo del 1 por ciento. \u201cVale destacar que este \u00faltimo rubro generar\u00e1 presi\u00f3n a la inflaci\u00f3n de marzo, cuando se actualicen las cuotas de los colegios\u201d, indic\u00f3 el informe de UMET. En Esparcimiento se registr\u00f3 una baja del 4 por ciento, debido a la ca\u00edda de los precios de hoteler\u00eda tras el pico de la temporada alta en enero\u201d.<\/p>\n<p>El documento del Instituto Estad\u00edstico de los Trabajadores mencion\u00f3 que en febrero el salario real fue 15,8 por ciento inferior al de noviembre de 2015 y que persiste en niveles similares a los de fines de 2008. En la comparaci\u00f3n interanual (contra febrero de 2019) tambi\u00e9n se anot\u00f3 una merma de salario real del 2,5 por ciento.<\/p>\n<p>\u201cPara los pr\u00f3ximos meses, se espera una disminuci\u00f3n de la desigualdad salarial en los asalariados formales. Tal expectativa reside en la pol\u00edtica salarial del Gobierno, que hasta el momento ha apuntalado los aumentos de suma fija. En t\u00e9rminos relativos al ingreso, los aumentos de suma fija tienden a beneficiar relativamente m\u00e1s a los asalariados de menores ingresos que a los de altos ingresos, achicando la brecha relativa entre ambos\u201d, indic\u00f3 el documento. Detall\u00f3 que el impacto de los aumentos de suma fija es m\u00e1s favorable en las mujeres, los j\u00f3venes y los asalariados del NOA y el NEA, que se encuentran en la parte inferior de la escala salarial y son los segmentos m\u00e1s vulnerables.<\/p>\n","protected":false},"excerpt":{"rendered":"<p>El IET calcul\u00f3 una inflaci\u00f3n del 1,7 por ciento en febrero, la m\u00e1s baja desde noviembre de 2017 &nbsp; La inflaci\u00f3n de febrero se ubic\u00f3 en 1,7 por ciento, seg\u00fan el relevamiento del Instituto Estad\u00edstico de los Trabajadores de la UMET. Se trata de la cifra m\u00e1s baja desde noviembre de 2017 y muestra que las medidas para contener la inercia inflacionaria del equipo econ\u00f3mico comienzan a dar resultado. A nivel interanual, los precios mostraron un avance del 49,7 por ciento. Es la primera vez desde febrero del a\u00f1o pasado&#8230;<\/p>\n","protected":false},"author":3,"featured_media":44332,"comment_status":"closed","ping_status":"closed","sticky":false,"template":"","format":"standard","meta":[],"categories":[2],"tags":[],"_links":{"self":[{"href":"https:\/\/www.actualidadadiario.com\/index.php\/wp-json\/wp\/v2\/posts\/58868"}],"collection":[{"href":"https:\/\/www.actualidadadiario.com\/index.php\/wp-json\/wp\/v2\/posts"}],"about":[{"href":"https:\/\/www.actualidadadiario.com\/index.php\/wp-json\/wp\/v2\/types\/post"}],"author":[{"embeddable":true,"href":"https:\/\/www.actualidadadiario.com\/index.php\/wp-json\/wp\/v2\/users\/3"}],"replies":[{"embeddable":true,"href":"https:\/\/www.actualidadadiario.com\/index.php\/wp-json\/wp\/v2\/comments?post=58868"}],"version-history":[{"count":1,"href":"https:\/\/www.actualidadadiario.com\/index.php\/wp-json\/wp\/v2\/posts\/58868\/revisions"}],"predecessor-version":[{"id":58869,"href":"https:\/\/www.actualidadadiario.com\/index.php\/wp-json\/wp\/v2\/posts\/58868\/revisions\/58869"}],"wp:featuredmedia":[{"embeddable":true,"href":"https:\/\/www.actualidadadiario.com\/index.php\/wp-json\/wp\/v2\/media\/44332"}],"wp:attachment":[{"href":"https:\/\/www.actualidadadiario.com\/index.php\/wp-json\/wp\/v2\/media?parent=58868"}],"wp:term":[{"taxonomy":"category","embeddable":true,"href":"https:\/\/www.actualidadadiario.com\/index.php\/wp-json\/wp\/v2\/categories?post=58868"},{"taxonomy":"post_tag","embeddable":true,"href":"https:\/\/www.actualidadadiario.com\/index.php\/wp-json\/wp\/v2\/tags?post=58868"}],"curies":[{"name":"wp","href":"https:\/\/api.w.org\/{rel}","templated":true}]}}