{"id":58866,"date":"2020-03-11T10:35:04","date_gmt":"2020-03-11T13:35:04","guid":{"rendered":"https:\/\/www.actualidadadiario.com\/?p=58866"},"modified":"2020-03-11T10:35:04","modified_gmt":"2020-03-11T13:35:04","slug":"lanzan-plan-federal-para-obras-publicas","status":"publish","type":"post","link":"https:\/\/www.actualidadadiario.com\/index.php\/2020\/03\/11\/lanzan-plan-federal-para-obras-publicas\/","title":{"rendered":"Lanzan plan federal para obras p\u00fablicas"},"content":{"rendered":"<p style=\"text-align: center;\"><em><strong>El Gobierno cre\u00f3 el Plan Nacional de Obras P\u00fablicas denominado Argentina Hace, con el objetivo de reactivar las econom\u00edas del interior del pa\u00eds, motorizar los proyectos a trav\u00e9s de cooperativas y organizaciones locales, y generar puestos de trabajo, los cuales se cubrir\u00e1n bajo un r\u00e9gimen de paridad de g\u00e9nero<\/strong><\/em><\/p>\n<p>&nbsp;<\/p>\n<p>Lo hizo a trav\u00e9s de la resoluci\u00f3n 12\/2020, del Ministerio de Obras P\u00fablicas, publicada en el Bolet\u00edn Oficial.<\/p>\n<p>La misma precis\u00f3 que Argentina Hace consiste, a partir del financiamiento de obras y servicios p\u00fablicos, en la reactivaci\u00f3n de las econom\u00edas locales, asociadas al sector de la construcci\u00f3n y rubros afines, la generaci\u00f3n de mano de obra intensiva y la consolidaci\u00f3n local y regional.<\/p>\n<p>Indic\u00f3 que el gasto que demande el cumplimiento del plan ser\u00e1 atendido con las partidas presupuestarias que se asignen en cada convenio espec\u00edfico, y remarc\u00f3 que las obras deber\u00e1n ejecutarse en un plazo no mayor a 180 d\u00edas.<\/p>\n<p>Asimismo, puntualiz\u00f3 que las provincias y los municipios deber\u00e1n tener en cuenta que los proyectos tendr\u00e1n que realizarse a trav\u00e9s de diversas entidades de la comunidad y que se encuentren legalmente constituidas tales como cooperativas, organizaciones sociales, trabajadores de la econom\u00eda popular y micro, peque\u00f1as y medianas empresas radicadas prioritariamente en cada zona de intervenci\u00f3n.<\/p>\n","protected":false},"excerpt":{"rendered":"<p>El Gobierno cre\u00f3 el Plan Nacional de Obras P\u00fablicas denominado Argentina Hace, con el objetivo de reactivar las econom\u00edas del interior del pa\u00eds, motorizar los proyectos a trav\u00e9s de cooperativas y organizaciones locales, y generar puestos de trabajo, los cuales se cubrir\u00e1n bajo un r\u00e9gimen de paridad de g\u00e9nero &nbsp; Lo hizo a trav\u00e9s de la resoluci\u00f3n 12\/2020, del Ministerio de Obras P\u00fablicas, publicada en el Bolet\u00edn Oficial. La misma precis\u00f3 que Argentina Hace consiste, a partir del financiamiento de obras y servicios p\u00fablicos, en la reactivaci\u00f3n de las econom\u00edas&#8230;<\/p>\n","protected":false},"author":3,"featured_media":53094,"comment_status":"closed","ping_status":"closed","sticky":false,"template":"","format":"standard","meta":[],"categories":[2],"tags":[],"_links":{"self":[{"href":"https:\/\/www.actualidadadiario.com\/index.php\/wp-json\/wp\/v2\/posts\/58866"}],"collection":[{"href":"https:\/\/www.actualidadadiario.com\/index.php\/wp-json\/wp\/v2\/posts"}],"about":[{"href":"https:\/\/www.actualidadadiario.com\/index.php\/wp-json\/wp\/v2\/types\/post"}],"author":[{"embeddable":true,"href":"https:\/\/www.actualidadadiario.com\/index.php\/wp-json\/wp\/v2\/users\/3"}],"replies":[{"embeddable":true,"href":"https:\/\/www.actualidadadiario.com\/index.php\/wp-json\/wp\/v2\/comments?post=58866"}],"version-history":[{"count":1,"href":"https:\/\/www.actualidadadiario.com\/index.php\/wp-json\/wp\/v2\/posts\/58866\/revisions"}],"predecessor-version":[{"id":58867,"href":"https:\/\/www.actualidadadiario.com\/index.php\/wp-json\/wp\/v2\/posts\/58866\/revisions\/58867"}],"wp:featuredmedia":[{"embeddable":true,"href":"https:\/\/www.actualidadadiario.com\/index.php\/wp-json\/wp\/v2\/media\/53094"}],"wp:attachment":[{"href":"https:\/\/www.actualidadadiario.com\/index.php\/wp-json\/wp\/v2\/media?parent=58866"}],"wp:term":[{"taxonomy":"category","embeddable":true,"href":"https:\/\/www.actualidadadiario.com\/index.php\/wp-json\/wp\/v2\/categories?post=58866"},{"taxonomy":"post_tag","embeddable":true,"href":"https:\/\/www.actualidadadiario.com\/index.php\/wp-json\/wp\/v2\/tags?post=58866"}],"curies":[{"name":"wp","href":"https:\/\/api.w.org\/{rel}","templated":true}]}}