{"id":58863,"date":"2020-03-11T10:34:09","date_gmt":"2020-03-11T13:34:09","guid":{"rendered":"https:\/\/www.actualidadadiario.com\/?p=58863"},"modified":"2020-03-11T10:34:09","modified_gmt":"2020-03-11T13:34:09","slug":"salud-recomienda-aislamiento-social-para-mayores-de-65-anos","status":"publish","type":"post","link":"https:\/\/www.actualidadadiario.com\/index.php\/2020\/03\/11\/salud-recomienda-aislamiento-social-para-mayores-de-65-anos\/","title":{"rendered":"Salud recomienda &#8220;aislamiento social&#8221; para mayores de 65 a\u00f1os"},"content":{"rendered":"<p style=\"text-align: center;\"><em><strong>No descartan suspender los eventos masivos. Advierten sobre destinos peligrosos y reclaman a los que vuelvan de sus vacaciones que se mantengan aislados por 15 d\u00edas. Crean un Fondo de $1.700 millones para &#8220;fortalecer el diagn\u00f3stico y tratamiento&#8221; del virus<\/strong><\/em><\/p>\n<p>&nbsp;<\/p>\n<p>&nbsp;<\/p>\n<p>&nbsp;<\/p>\n<p>Durante el anuncio de la creaci\u00f3n de un Fondo de $1.700 millones contra el virus que surgi\u00f3 en China y mantiene en vilo al mundo, la secretaria de Acceso a la Salud, Carla Vizzotti, recomend\u00f3 el &#8220;aislamiento social&#8221; para mayores de 65 a\u00f1os y &#8220;minimizar las actividades con p\u00fablico&#8221;, as\u00ed como &#8220;evitar el contacto con personas que hayan llegado de \u00e1reas de circulaci\u00f3n del virus, aunque est\u00e9n asintom\u00e1ticas&#8221;.<\/p>\n<p>En una conferencia de prensa que se brind\u00f3 en Casa de Gobierno tras una reuni\u00f3n que encabez\u00f3 el presidente Alberto Fern\u00e1ndez, la funcionaria agreg\u00f3 que la &#8220;recomendaci\u00f3n&#8221; es &#8220;no viajar a Europa, Estados Unidos, Ir\u00e1n, Jap\u00f3n, China y Corea del Sur&#8221;, donde hay mayores casos de coronavirus.<\/p>\n<p>Si bien est\u00e1 en tono con lo que plantea la Organizaci\u00f3n Mundial de la Salud (OMS), la recomendaci\u00f3n sobre el aislamiento de los mayores de 65 a\u00f1os sorprende porque la Argentina se encuentra en fase de contenci\u00f3n.<\/p>\n<p>La idea cont\u00f3 con el apoyo de la embajadora especial de la OMS, Mirta Roses, quien asegur\u00f3 que el objetivo es la &#8220;reducci\u00f3n de la mortalidad&#8221; y alert\u00f3 sobre la &#8220;vulnerabilidad del pa\u00eds&#8221; debido a la &#8220;demograf\u00eda con alta expectativa de vida&#8221;, es decir personas mayores de 65 a\u00f1os.<\/p>\n<p>La embajadora particip\u00f3 de la conferencia de prensa que tuvo lugar en Casa Rosada, luego de la reuni\u00f3n que encabez\u00f3 el presidente Alberto Fern\u00e1ndez, en la que se anunci\u00f3 que el Gobierno nacional contar\u00e1 con un Fondo de 1.700 millones de pesos para &#8220;fortalecer el diagn\u00f3stico y tratamiento&#8221; del coronavirus.<\/p>\n<p>&#8220;El Presidente (Alberto Fern\u00e1ndez) anunci\u00f3 una partida extraordinaria de 1.700 millones de pesos fortalecer el diagn\u00f3stico y tratamiento. Vamos a disponer de esa partida extra en relaci\u00f3n a esta contingencia&#8221;, se\u00f1al\u00f3 Vizzotti.<\/p>\n<p>Adem\u00e1s, afirm\u00f3 que &#8220;no se descarta suspender eventos masivos&#8221;, aunque por el momento no est\u00e1 previsto, y resalt\u00f3 que van a &#8220;ampliar la compra de vacunas antigripales&#8221;.<\/p>\n<p>Vizzotti se expres\u00f3 as\u00ed luego de la reuni\u00f3n de gabinete &#8220;interdisciplinario&#8221; en la Casa de Gobierno que encabez\u00f3 el Presidente.<\/p>\n<p>El m\u00e9dico infect\u00f3logo Pedro Cahn, de la fundaci\u00f3n Hu\u00e9sped, apel\u00f3 a la &#8220;responsabilidad social&#8221; de los ciudadanos ante el coronavirus y pidi\u00f3 que la gente que regrese de pa\u00edses de circulaci\u00f3n de esa enfermedad &#8220;evite asistir&#8221; a lugares de concentraci\u00f3n y &#8220;mantenga 14 d\u00edas de distanciamiento social&#8221;.<\/p>\n<p>&#8220;Los argentinos nos hemos caracterizados por ser solidarios, y cada uno tiene que jugar un rol&#8221;, enfatiz\u00f3 Cahn en conferencia de prensa desde la casa Rosada.<\/p>\n","protected":false},"excerpt":{"rendered":"<p>No descartan suspender los eventos masivos. Advierten sobre destinos peligrosos y reclaman a los que vuelvan de sus vacaciones que se mantengan aislados por 15 d\u00edas. Crean un Fondo de $1.700 millones para &#8220;fortalecer el diagn\u00f3stico y tratamiento&#8221; del virus &nbsp; &nbsp; &nbsp; Durante el anuncio de la creaci\u00f3n de un Fondo de $1.700 millones contra el virus que surgi\u00f3 en China y mantiene en vilo al mundo, la secretaria de Acceso a la Salud, Carla Vizzotti, recomend\u00f3 el &#8220;aislamiento social&#8221; para mayores de 65 a\u00f1os y &#8220;minimizar las actividades&#8230;<\/p>\n","protected":false},"author":3,"featured_media":58864,"comment_status":"closed","ping_status":"closed","sticky":false,"template":"","format":"standard","meta":[],"categories":[2],"tags":[],"_links":{"self":[{"href":"https:\/\/www.actualidadadiario.com\/index.php\/wp-json\/wp\/v2\/posts\/58863"}],"collection":[{"href":"https:\/\/www.actualidadadiario.com\/index.php\/wp-json\/wp\/v2\/posts"}],"about":[{"href":"https:\/\/www.actualidadadiario.com\/index.php\/wp-json\/wp\/v2\/types\/post"}],"author":[{"embeddable":true,"href":"https:\/\/www.actualidadadiario.com\/index.php\/wp-json\/wp\/v2\/users\/3"}],"replies":[{"embeddable":true,"href":"https:\/\/www.actualidadadiario.com\/index.php\/wp-json\/wp\/v2\/comments?post=58863"}],"version-history":[{"count":1,"href":"https:\/\/www.actualidadadiario.com\/index.php\/wp-json\/wp\/v2\/posts\/58863\/revisions"}],"predecessor-version":[{"id":58865,"href":"https:\/\/www.actualidadadiario.com\/index.php\/wp-json\/wp\/v2\/posts\/58863\/revisions\/58865"}],"wp:featuredmedia":[{"embeddable":true,"href":"https:\/\/www.actualidadadiario.com\/index.php\/wp-json\/wp\/v2\/media\/58864"}],"wp:attachment":[{"href":"https:\/\/www.actualidadadiario.com\/index.php\/wp-json\/wp\/v2\/media?parent=58863"}],"wp:term":[{"taxonomy":"category","embeddable":true,"href":"https:\/\/www.actualidadadiario.com\/index.php\/wp-json\/wp\/v2\/categories?post=58863"},{"taxonomy":"post_tag","embeddable":true,"href":"https:\/\/www.actualidadadiario.com\/index.php\/wp-json\/wp\/v2\/tags?post=58863"}],"curies":[{"name":"wp","href":"https:\/\/api.w.org\/{rel}","templated":true}]}}