{"id":58859,"date":"2020-03-11T10:32:46","date_gmt":"2020-03-11T13:32:46","guid":{"rendered":"https:\/\/www.actualidadadiario.com\/?p=58859"},"modified":"2020-03-11T10:32:46","modified_gmt":"2020-03-11T13:32:46","slug":"provincias-esperan-presupuesto-2020-para-revertir-retroceso-en-fondos","status":"publish","type":"post","link":"https:\/\/www.actualidadadiario.com\/index.php\/2020\/03\/11\/provincias-esperan-presupuesto-2020-para-revertir-retroceso-en-fondos\/","title":{"rendered":"Provincias esperan Presupuesto 2020 para revertir retroceso en fondos"},"content":{"rendered":"<p style=\"text-align: center;\"><em><strong>El subcumplimiento de las remesas a las provincias respecto de las proyecciones nacionales iniciales -heredadas de la gesti\u00f3n de Mauricio Macri- sigue levantando se\u00f1ales de alerta entre los gobernadores<\/strong><\/em><\/p>\n<p>&nbsp;<\/p>\n<p>&nbsp;<\/p>\n<p>La dilaci\u00f3n en la sanci\u00f3n del Presupuesto nacional 2020 genera un inc\u00f3modo escenario para gobernadores alineados y no alineados, a partir del hecho que muchos mandatarios se manejan con planes de gastos provinciales sancionados con las pautas del proyecto elaborado por Mauricio Macri, pero luego los recursos se comportaron por debajo de lo presupuestado y las medidas adoptadas por la gesti\u00f3n de Alberto Fern\u00e1ndez potenciaron en los dos primeros meses de este a\u00f1o el balde de la recaudaci\u00f3n nacional pero no el de las provincias.<\/p>\n<p>La preocupaci\u00f3n se replica en distintos despachos provinciales. Seg\u00fan un informe de la consultora Aerarium -del ex subsecretario de Relaciones con Provincias del Gobierno de Macri, Paulino Caballero- publicado este lunes, las transferencias autom\u00e1ticas a las provincias durante los primeros dos meses de este a\u00f1o muestran no s\u00f3lo &#8220;una ca\u00edda en t\u00e9rminos de poder adquisitivo&#8221; de esos env\u00edos (-7% acumulado) por impacto de la inflaci\u00f3n, &#8220;sino tambi\u00e9n un fuerte subcumplimiento respecto a la proyecci\u00f3n incluida en el proyecto de Presupuesto o nacional 2020&#8221;.<\/p>\n<p>El estudio aclara que si bien ese plan de gastos para el primer a\u00f1o de gesti\u00f3n de Fern\u00e1ndez &#8220;no fue aprobado, fue utilizado por las jurisdicciones para elaborar su c\u00e1lculo anual de recursos&#8221;.<\/p>\n<p>Ba jo esa mirada -sostiene el estudio- &#8220;las provincias han dejado de percibir unos $29.000 millones respecto a la pauta presupuestaria, lo que representa un 0,1% del PIB y una subejecuci\u00f3n del 8,2%.<\/p>\n<p>&#8220;Las provincias estamos expectantes ante la ca\u00edda de la actividad econ\u00f3mica, pero tambi\u00e9n con el Presupuesto Nacional, porque si mir\u00e1s todas las modificaciones que ha habido desde el punto de vista tributario, fueron para Naci\u00f3n y no para las provincias&#8221; aseguro el ministro de Hacienda y Finanzas de La Pampa, Ernesto Franco, en declaraciones.<\/p>\n<p>El funcionario del peronista Sergio Ziliotto remarc\u00f3 adem\u00e1s que &#8220;muchas de ellas han sido cedidas por los legisladores por el gran problema nacional, pero las provincias no tienen la posibilidad de financiar la diferencia&#8221;.<\/p>\n<p>&#8220;Naci\u00f3n ha logrado mayor cantidad de recursos, no en detrimento de las provincias porque no se les baj\u00f3, sino que el incremento de la presi\u00f3n tributaria se lo llev\u00f3 todo Naci\u00f3n&#8221;, aclar\u00f3, respecto de una postura y un estado de alerta compartida por muchos gobiernos provinciales.<\/p>\n<p>Los retoques en cuesti\u00f3n fueron de la mano de la sanci\u00f3n en enero pasado de la Ley de Solidaridad Social y Reactivaci\u00f3n, en el marco de la Emergencia P\u00fablica, que incluye entre otros ejes la creaci\u00f3n de un impuesto a la compra de d\u00f3lares para turismo o atesoramiento, aumento de al\u00edcuotas del Impuesto a los Bienes Personales, moratoria para pymes, congelamiento y revisi\u00f3n de tarifas, suba en los derechos de exportaci\u00f3n de granos y oleaginosas (retenciones) y la suspensi\u00f3n de la movilidad jubilatoria.<\/p>\n<p>&#8220;Cuando se crearon los impuestos de la Ley de Solidaridad, todos van a Naci\u00f3n y ninguno a las provincias. Evidentemente Naci\u00f3n es la m\u00e1s necesitada, pero las provincias nos hemos quedado con lo que dec\u00eda el Presupuesto, que no es real porque no se est\u00e1 dando&#8221;, explic\u00f3 el funcionario de Ziliotto.<\/p>\n","protected":false},"excerpt":{"rendered":"<p>El subcumplimiento de las remesas a las provincias respecto de las proyecciones nacionales iniciales -heredadas de la gesti\u00f3n de Mauricio Macri- sigue levantando se\u00f1ales de alerta entre los gobernadores &nbsp; &nbsp; La dilaci\u00f3n en la sanci\u00f3n del Presupuesto nacional 2020 genera un inc\u00f3modo escenario para gobernadores alineados y no alineados, a partir del hecho que muchos mandatarios se manejan con planes de gastos provinciales sancionados con las pautas del proyecto elaborado por Mauricio Macri, pero luego los recursos se comportaron por debajo de lo presupuestado y las medidas adoptadas por&#8230;<\/p>\n","protected":false},"author":3,"featured_media":13003,"comment_status":"closed","ping_status":"closed","sticky":false,"template":"","format":"standard","meta":[],"categories":[2],"tags":[],"_links":{"self":[{"href":"https:\/\/www.actualidadadiario.com\/index.php\/wp-json\/wp\/v2\/posts\/58859"}],"collection":[{"href":"https:\/\/www.actualidadadiario.com\/index.php\/wp-json\/wp\/v2\/posts"}],"about":[{"href":"https:\/\/www.actualidadadiario.com\/index.php\/wp-json\/wp\/v2\/types\/post"}],"author":[{"embeddable":true,"href":"https:\/\/www.actualidadadiario.com\/index.php\/wp-json\/wp\/v2\/users\/3"}],"replies":[{"embeddable":true,"href":"https:\/\/www.actualidadadiario.com\/index.php\/wp-json\/wp\/v2\/comments?post=58859"}],"version-history":[{"count":1,"href":"https:\/\/www.actualidadadiario.com\/index.php\/wp-json\/wp\/v2\/posts\/58859\/revisions"}],"predecessor-version":[{"id":58860,"href":"https:\/\/www.actualidadadiario.com\/index.php\/wp-json\/wp\/v2\/posts\/58859\/revisions\/58860"}],"wp:featuredmedia":[{"embeddable":true,"href":"https:\/\/www.actualidadadiario.com\/index.php\/wp-json\/wp\/v2\/media\/13003"}],"wp:attachment":[{"href":"https:\/\/www.actualidadadiario.com\/index.php\/wp-json\/wp\/v2\/media?parent=58859"}],"wp:term":[{"taxonomy":"category","embeddable":true,"href":"https:\/\/www.actualidadadiario.com\/index.php\/wp-json\/wp\/v2\/categories?post=58859"},{"taxonomy":"post_tag","embeddable":true,"href":"https:\/\/www.actualidadadiario.com\/index.php\/wp-json\/wp\/v2\/tags?post=58859"}],"curies":[{"name":"wp","href":"https:\/\/api.w.org\/{rel}","templated":true}]}}