{"id":58850,"date":"2020-03-11T10:30:19","date_gmt":"2020-03-11T13:30:19","guid":{"rendered":"https:\/\/www.actualidadadiario.com\/?p=58850"},"modified":"2020-03-11T10:30:19","modified_gmt":"2020-03-11T13:30:19","slug":"paritaria-agmer-define-en-congreso-la-estrategia-a-seguir","status":"publish","type":"post","link":"https:\/\/www.actualidadadiario.com\/index.php\/2020\/03\/11\/paritaria-agmer-define-en-congreso-la-estrategia-a-seguir\/","title":{"rendered":"Paritaria: Agmer define en Congreso la estrategia a seguir"},"content":{"rendered":"<p style=\"text-align: center;\"><em><strong>Este mi\u00e9rcoles contin\u00faa sesionando el CXC Congreso extraordinario de la Asociaci\u00f3n Gremial del Magisterio de Entre R\u00edos (Agmer) en San Salvador, luego del cuarto intermedio dispuesto el 28 de febrero. All\u00ed se definir\u00e1n las estrategias a seguir en el marco de las negociaciones salariales con el Gobierno provincial<\/strong><\/em><\/p>\n<p>&nbsp;<\/p>\n<p>&nbsp;<\/p>\n<p>El c\u00f3nclave se desarrolla desde las 9 en el sal\u00f3n de la Seccional San Salvador, ubicado en calle Primera Junta 448\u00a0 de la ciudad de San Salvador.<\/p>\n<p>El temario que se abordar\u00e1 \u2013que fue difundido por la comisi\u00f3n directiva central del gremio\u2013 incluye la elecci\u00f3n de la mesa del Congreso; el informe de gesti\u00f3n; un an\u00e1lisis de la situaci\u00f3n nacional y provincial; la lectura de los mandatos de las seccionales; y las estrategias a seguir en el marco de las negociaciones paritarias con el Gobierno provincial.<\/p>\n<p>Seg\u00fan trascendi\u00f3, las seccionales plantean la continuidad de las medidas de acci\u00f3n, con la posibilidad de m\u00e1s d\u00edas de paro. En las asambleas que se desarrollaron el martes en las escuelas, la docencia habr\u00eda votado al menos otros cuatro d\u00edas de paro.<\/p>\n<p>La paritaria salarial provincial se inici\u00f3 el viernes pasado, 6 de marzo. El Gobierno propuso evaluar, en el primer trimestre del a\u00f1o, distintas variables econ\u00f3micas y de inflaci\u00f3n para luego realizar una oferta que \u201ccontemple las variables anunciadas, que sea arm\u00f3nica con el sostenimiento de las cuentas fiscales y el presupuesto provincial y cuyo cumplimiento pueda garantizarse\u201d.<\/p>\n<p>Agmer \u2013junto a los otros sindicatos AMET, SAdop y UDA\u2013 expres\u00f3 su disconformidad con el planteo y consider\u00f3 que eso \u201cno constituye una propuesta salarial\u201d y reafirm\u00f3 la necesidad de que se fije \u201cuna pauta salarial que permita recuperar lo perdido en los \u00faltimos a\u00f1os y que garantice estar por encima de la inflaci\u00f3n en este a\u00f1o\u201d.<\/p>\n<p>El gremio docente mayoritario ya llev\u00f3 adelante en total cuatro d\u00edas de paro: primero los d\u00edas lunes 2, martes 3 y mi\u00e9rcoles 4 de marzo, y luego se pleg\u00f3 al Paro Internacional de Mujeres el lunes 9.<\/p>\n","protected":false},"excerpt":{"rendered":"<p>Este mi\u00e9rcoles contin\u00faa sesionando el CXC Congreso extraordinario de la Asociaci\u00f3n Gremial del Magisterio de Entre R\u00edos (Agmer) en San Salvador, luego del cuarto intermedio dispuesto el 28 de febrero. All\u00ed se definir\u00e1n las estrategias a seguir en el marco de las negociaciones salariales con el Gobierno provincial &nbsp; &nbsp; El c\u00f3nclave se desarrolla desde las 9 en el sal\u00f3n de la Seccional San Salvador, ubicado en calle Primera Junta 448\u00a0 de la ciudad de San Salvador. El temario que se abordar\u00e1 \u2013que fue difundido por la comisi\u00f3n directiva central&#8230;<\/p>\n","protected":false},"author":3,"featured_media":58297,"comment_status":"closed","ping_status":"closed","sticky":false,"template":"","format":"standard","meta":[],"categories":[15],"tags":[],"_links":{"self":[{"href":"https:\/\/www.actualidadadiario.com\/index.php\/wp-json\/wp\/v2\/posts\/58850"}],"collection":[{"href":"https:\/\/www.actualidadadiario.com\/index.php\/wp-json\/wp\/v2\/posts"}],"about":[{"href":"https:\/\/www.actualidadadiario.com\/index.php\/wp-json\/wp\/v2\/types\/post"}],"author":[{"embeddable":true,"href":"https:\/\/www.actualidadadiario.com\/index.php\/wp-json\/wp\/v2\/users\/3"}],"replies":[{"embeddable":true,"href":"https:\/\/www.actualidadadiario.com\/index.php\/wp-json\/wp\/v2\/comments?post=58850"}],"version-history":[{"count":1,"href":"https:\/\/www.actualidadadiario.com\/index.php\/wp-json\/wp\/v2\/posts\/58850\/revisions"}],"predecessor-version":[{"id":58851,"href":"https:\/\/www.actualidadadiario.com\/index.php\/wp-json\/wp\/v2\/posts\/58850\/revisions\/58851"}],"wp:featuredmedia":[{"embeddable":true,"href":"https:\/\/www.actualidadadiario.com\/index.php\/wp-json\/wp\/v2\/media\/58297"}],"wp:attachment":[{"href":"https:\/\/www.actualidadadiario.com\/index.php\/wp-json\/wp\/v2\/media?parent=58850"}],"wp:term":[{"taxonomy":"category","embeddable":true,"href":"https:\/\/www.actualidadadiario.com\/index.php\/wp-json\/wp\/v2\/categories?post=58850"},{"taxonomy":"post_tag","embeddable":true,"href":"https:\/\/www.actualidadadiario.com\/index.php\/wp-json\/wp\/v2\/tags?post=58850"}],"curies":[{"name":"wp","href":"https:\/\/api.w.org\/{rel}","templated":true}]}}