{"id":58844,"date":"2020-03-11T10:29:03","date_gmt":"2020-03-11T13:29:03","guid":{"rendered":"https:\/\/www.actualidadadiario.com\/?p=58844"},"modified":"2020-03-11T10:29:03","modified_gmt":"2020-03-11T13:29:03","slug":"preocupa-la-sequia-y-la-pronunciada-bajante-del-rio-uruguay","status":"publish","type":"post","link":"https:\/\/www.actualidadadiario.com\/index.php\/2020\/03\/11\/preocupa-la-sequia-y-la-pronunciada-bajante-del-rio-uruguay\/","title":{"rendered":"Preocupa la sequ\u00eda y la pronunciada bajante del r\u00edo Uruguay"},"content":{"rendered":"<p style=\"text-align: center;\"><em><strong>El descenso del nivel, que frente a la costa de Concepci\u00f3n del Uruguay lleg\u00f3 a ubicarse en los 66 cent\u00edmetros, es consecuencia de la ausencia de precipitaciones en el norte de la cuenca<\/strong><\/em><\/p>\n<p>&nbsp;<\/p>\n<p>&nbsp;<\/p>\n<p>La pronunciada bajante del r\u00edo Uruguay se transform\u00f3 en los \u00faltimos d\u00edas en un fen\u00f3meno que llam\u00f3 la atenci\u00f3n no s\u00f3lo de los vecinos sino tambi\u00e9n de los visitantes en Concepci\u00f3n del Uruguay. De acuerdo a lo informado por los conocedores del tema, el descenso del nivel -que frente a la costa de la mencionada ciudad lleg\u00f3 a ubicarse en los 66 cent\u00edmetros- es consecuencia de la ausencia de precipitaciones en el norte de la cuenca.<\/p>\n<p>El retroceso de las aguas motiv\u00f3 a que las autoridades aconsejaran a los propietarios de embarcaciones a tomar las precauciones del caso a la hora de navegar.<\/p>\n<p>En las \u00faltimas horas, un vecino de Concepci\u00f3n del Uruguay se traslad\u00f3 a la Isla Cambacu\u00e1. Al notar que el agua estaba tan baja, aprovech\u00f3 la ocasi\u00f3n para realizar diferentes esculturas en la arena.<\/p>\n<p>As\u00ed fue que elabor\u00f3 una escultura de una sirena de casi dos metros, la public\u00f3 en sus redes sociales.<\/p>\n<p>&nbsp;<\/p>\n<p><strong>En la Planta Potabilizadora<\/strong><\/p>\n<p>A todo esto, Fernando Lescano, secretario de Servicios Sanitarios y Desag\u00fces Pluviales de Concepci\u00f3n del Uruguay, destac\u00f3 al sitio La Pir\u00e1mide que, gracias a las nuevas obras del Plan Maestro, el servicio de agua potable no se ve afectado por la bajante del r\u00edo en Concepci\u00f3n del Uruguay.<\/p>\n<p>&#8220;Afortunadamente con la nueva obra, las bombas toman a 1,30 metro por debajo del cero del r\u00edo. Es por esto que, aunque estemos en sequ\u00eda, no hay problemas. Obviamente no trabajan las cargas de agua ideales, pero entra el agua que necesitamos&#8221;, coment\u00f3.<\/p>\n<p>&#8220;Respecto a la calidad, tambi\u00e9n, al tomar bien de abajo no hay ning\u00fan rastro de algas o cianobacterias, as\u00ed que hasta ahora todo bien, el sistema est\u00e1 pensado as\u00ed&#8221;, expres\u00f3 Lescano sobre la calidad del agua.<\/p>\n","protected":false},"excerpt":{"rendered":"<p>El descenso del nivel, que frente a la costa de Concepci\u00f3n del Uruguay lleg\u00f3 a ubicarse en los 66 cent\u00edmetros, es consecuencia de la ausencia de precipitaciones en el norte de la cuenca &nbsp; &nbsp; La pronunciada bajante del r\u00edo Uruguay se transform\u00f3 en los \u00faltimos d\u00edas en un fen\u00f3meno que llam\u00f3 la atenci\u00f3n no s\u00f3lo de los vecinos sino tambi\u00e9n de los visitantes en Concepci\u00f3n del Uruguay. De acuerdo a lo informado por los conocedores del tema, el descenso del nivel -que frente a la costa de la mencionada&#8230;<\/p>\n","protected":false},"author":3,"featured_media":58845,"comment_status":"closed","ping_status":"closed","sticky":false,"template":"","format":"standard","meta":[],"categories":[15],"tags":[],"_links":{"self":[{"href":"https:\/\/www.actualidadadiario.com\/index.php\/wp-json\/wp\/v2\/posts\/58844"}],"collection":[{"href":"https:\/\/www.actualidadadiario.com\/index.php\/wp-json\/wp\/v2\/posts"}],"about":[{"href":"https:\/\/www.actualidadadiario.com\/index.php\/wp-json\/wp\/v2\/types\/post"}],"author":[{"embeddable":true,"href":"https:\/\/www.actualidadadiario.com\/index.php\/wp-json\/wp\/v2\/users\/3"}],"replies":[{"embeddable":true,"href":"https:\/\/www.actualidadadiario.com\/index.php\/wp-json\/wp\/v2\/comments?post=58844"}],"version-history":[{"count":1,"href":"https:\/\/www.actualidadadiario.com\/index.php\/wp-json\/wp\/v2\/posts\/58844\/revisions"}],"predecessor-version":[{"id":58846,"href":"https:\/\/www.actualidadadiario.com\/index.php\/wp-json\/wp\/v2\/posts\/58844\/revisions\/58846"}],"wp:featuredmedia":[{"embeddable":true,"href":"https:\/\/www.actualidadadiario.com\/index.php\/wp-json\/wp\/v2\/media\/58845"}],"wp:attachment":[{"href":"https:\/\/www.actualidadadiario.com\/index.php\/wp-json\/wp\/v2\/media?parent=58844"}],"wp:term":[{"taxonomy":"category","embeddable":true,"href":"https:\/\/www.actualidadadiario.com\/index.php\/wp-json\/wp\/v2\/categories?post=58844"},{"taxonomy":"post_tag","embeddable":true,"href":"https:\/\/www.actualidadadiario.com\/index.php\/wp-json\/wp\/v2\/tags?post=58844"}],"curies":[{"name":"wp","href":"https:\/\/api.w.org\/{rel}","templated":true}]}}