{"id":58841,"date":"2020-03-11T10:28:26","date_gmt":"2020-03-11T13:28:26","guid":{"rendered":"https:\/\/www.actualidadadiario.com\/?p=58841"},"modified":"2020-03-11T10:28:26","modified_gmt":"2020-03-11T13:28:26","slug":"diputados-suspendio-la-sesion-de-esta-semana","status":"publish","type":"post","link":"https:\/\/www.actualidadadiario.com\/index.php\/2020\/03\/11\/diputados-suspendio-la-sesion-de-esta-semana\/","title":{"rendered":"Diputados suspendi\u00f3 la sesi\u00f3n de esta semana"},"content":{"rendered":"<p style=\"text-align: center;\"><em><strong>La C\u00e1mara de Diputados volvi\u00f3 a suspender la sesi\u00f3n prevista para esta semana. Se hab\u00eda convocado para el martes, luego se traslad\u00f3 al mi\u00e9rcoles y, finalmente, fue postergada, indicaron fuentes legislativas<\/strong><\/em><\/p>\n<p>&nbsp;<\/p>\n<p>&nbsp;<\/p>\n<p>Tras la sesi\u00f3n preparatoria realizada a mediados de febrero, en la cual s\u00f3lo se ratificaron las autoridades de la C\u00e1mara para el a\u00f1o en curso, la sesi\u00f3n de esta semana iba a ser la primera tras la apertura de las sesiones ordinarias realizada por el gobernador Gustavo Bordet.<\/p>\n<p>En contraste, el Senado ya ha tenido dos sesiones plenarias en lo que va de 2020.<\/p>\n","protected":false},"excerpt":{"rendered":"<p>La C\u00e1mara de Diputados volvi\u00f3 a suspender la sesi\u00f3n prevista para esta semana. Se hab\u00eda convocado para el martes, luego se traslad\u00f3 al mi\u00e9rcoles y, finalmente, fue postergada, indicaron fuentes legislativas &nbsp; &nbsp; Tras la sesi\u00f3n preparatoria realizada a mediados de febrero, en la cual s\u00f3lo se ratificaron las autoridades de la C\u00e1mara para el a\u00f1o en curso, la sesi\u00f3n de esta semana iba a ser la primera tras la apertura de las sesiones ordinarias realizada por el gobernador Gustavo Bordet. En contraste, el Senado ya ha tenido dos sesiones&#8230;<\/p>\n","protected":false},"author":3,"featured_media":58842,"comment_status":"closed","ping_status":"closed","sticky":false,"template":"","format":"standard","meta":[],"categories":[15],"tags":[],"_links":{"self":[{"href":"https:\/\/www.actualidadadiario.com\/index.php\/wp-json\/wp\/v2\/posts\/58841"}],"collection":[{"href":"https:\/\/www.actualidadadiario.com\/index.php\/wp-json\/wp\/v2\/posts"}],"about":[{"href":"https:\/\/www.actualidadadiario.com\/index.php\/wp-json\/wp\/v2\/types\/post"}],"author":[{"embeddable":true,"href":"https:\/\/www.actualidadadiario.com\/index.php\/wp-json\/wp\/v2\/users\/3"}],"replies":[{"embeddable":true,"href":"https:\/\/www.actualidadadiario.com\/index.php\/wp-json\/wp\/v2\/comments?post=58841"}],"version-history":[{"count":1,"href":"https:\/\/www.actualidadadiario.com\/index.php\/wp-json\/wp\/v2\/posts\/58841\/revisions"}],"predecessor-version":[{"id":58843,"href":"https:\/\/www.actualidadadiario.com\/index.php\/wp-json\/wp\/v2\/posts\/58841\/revisions\/58843"}],"wp:featuredmedia":[{"embeddable":true,"href":"https:\/\/www.actualidadadiario.com\/index.php\/wp-json\/wp\/v2\/media\/58842"}],"wp:attachment":[{"href":"https:\/\/www.actualidadadiario.com\/index.php\/wp-json\/wp\/v2\/media?parent=58841"}],"wp:term":[{"taxonomy":"category","embeddable":true,"href":"https:\/\/www.actualidadadiario.com\/index.php\/wp-json\/wp\/v2\/categories?post=58841"},{"taxonomy":"post_tag","embeddable":true,"href":"https:\/\/www.actualidadadiario.com\/index.php\/wp-json\/wp\/v2\/tags?post=58841"}],"curies":[{"name":"wp","href":"https:\/\/api.w.org\/{rel}","templated":true}]}}