{"id":58838,"date":"2020-03-11T10:27:49","date_gmt":"2020-03-11T13:27:49","guid":{"rendered":"https:\/\/www.actualidadadiario.com\/?p=58838"},"modified":"2020-03-11T10:27:49","modified_gmt":"2020-03-11T13:27:49","slug":"la-provincia-trabaja-en-aspectos-tecnicos-y-legales-para-construir-residencias-estudiantiles","status":"publish","type":"post","link":"https:\/\/www.actualidadadiario.com\/index.php\/2020\/03\/11\/la-provincia-trabaja-en-aspectos-tecnicos-y-legales-para-construir-residencias-estudiantiles\/","title":{"rendered":"La provincia trabaja en aspectos t\u00e9cnicos y legales para construir residencias estudiantiles"},"content":{"rendered":"<p style=\"text-align: center;\"><em><strong>Los avances en las gestiones para la ejecuci\u00f3n de unidades habitacionales destinadas a dar alojamiento a estudiantes universitarios entrerrianos, fue el tema de la reuni\u00f3n mantenida por el presidente del IAPV, Marcelo Bisogni con el rector de la UNER, Andr\u00e9s Sabella<\/strong><\/em><\/p>\n<p>&nbsp;<\/p>\n<p>El titular del organismo provincial dijo que\u201d junto a la Universidad Nacional de Entre R\u00edos venimos estudiando las factibilidades t\u00e9cnicas y legales para llevar adelante este ambicioso proyecto en cinco localidades entrerrianas.\u201d<\/p>\n<p>El funcionario asegur\u00f3 que \u201chemos estado charlando de las alternativas m\u00e1s convenientes, pensando en la necesidad de nuestros estudiantes de contar con un espacio para vivir durante el cursado de sus carreras y mejorar su calidad de vida\u201d.<\/p>\n<p>En ese sentido, Bisogni indic\u00f3 que \u201clos equipos t\u00e9cnicos est\u00e1n trabajando para avanzar en las cuestiones propias del proyecto y concretar estas residencias\u201d.<\/p>\n<p>Por su parte, el rector de UNER, Andr\u00e9s Sabella se\u00f1al\u00f3 que\u201d las residencias estudiantiles es un tema fundamental para nuestros estudiantes universitarios entrerrianos, ya que es una de las primeras necesidades que se eval\u00faan al momento de estudiar en las distintas facultades que la UNER tiene a lo largo y a lo ancho de la provincia\u201d.<\/p>\n<p>\u201cSabemos que nuestros gurises entrerrianos deben sortear la dif\u00edcil decisi\u00f3n de buscar donde vivir durante el cursado. El 50 por ciento de esos estudiantes son del interior y la cuesti\u00f3n de la residencia es prioritaria\u201d, asegur\u00f3<\/p>\n<p>Por \u00faltimo, expres\u00f3 que \u201cestamos muy agradecidos de que el gobernador Gustavo Bordet haya tomado este tema y la predisposici\u00f3n de las autoridades del IAPV, en una tarea que llevamos adelante hace unos meses en conjunto, para poder resolver los aspectos legales y t\u00e9cnicos y poder llevar adelante este proyecto\u201d.<\/p>\n","protected":false},"excerpt":{"rendered":"<p>Los avances en las gestiones para la ejecuci\u00f3n de unidades habitacionales destinadas a dar alojamiento a estudiantes universitarios entrerrianos, fue el tema de la reuni\u00f3n mantenida por el presidente del IAPV, Marcelo Bisogni con el rector de la UNER, Andr\u00e9s Sabella &nbsp; El titular del organismo provincial dijo que\u201d junto a la Universidad Nacional de Entre R\u00edos venimos estudiando las factibilidades t\u00e9cnicas y legales para llevar adelante este ambicioso proyecto en cinco localidades entrerrianas.\u201d El funcionario asegur\u00f3 que \u201chemos estado charlando de las alternativas m\u00e1s convenientes, pensando en la necesidad&#8230;<\/p>\n","protected":false},"author":3,"featured_media":58839,"comment_status":"closed","ping_status":"closed","sticky":false,"template":"","format":"standard","meta":[],"categories":[9,15],"tags":[],"_links":{"self":[{"href":"https:\/\/www.actualidadadiario.com\/index.php\/wp-json\/wp\/v2\/posts\/58838"}],"collection":[{"href":"https:\/\/www.actualidadadiario.com\/index.php\/wp-json\/wp\/v2\/posts"}],"about":[{"href":"https:\/\/www.actualidadadiario.com\/index.php\/wp-json\/wp\/v2\/types\/post"}],"author":[{"embeddable":true,"href":"https:\/\/www.actualidadadiario.com\/index.php\/wp-json\/wp\/v2\/users\/3"}],"replies":[{"embeddable":true,"href":"https:\/\/www.actualidadadiario.com\/index.php\/wp-json\/wp\/v2\/comments?post=58838"}],"version-history":[{"count":1,"href":"https:\/\/www.actualidadadiario.com\/index.php\/wp-json\/wp\/v2\/posts\/58838\/revisions"}],"predecessor-version":[{"id":58840,"href":"https:\/\/www.actualidadadiario.com\/index.php\/wp-json\/wp\/v2\/posts\/58838\/revisions\/58840"}],"wp:featuredmedia":[{"embeddable":true,"href":"https:\/\/www.actualidadadiario.com\/index.php\/wp-json\/wp\/v2\/media\/58839"}],"wp:attachment":[{"href":"https:\/\/www.actualidadadiario.com\/index.php\/wp-json\/wp\/v2\/media?parent=58838"}],"wp:term":[{"taxonomy":"category","embeddable":true,"href":"https:\/\/www.actualidadadiario.com\/index.php\/wp-json\/wp\/v2\/categories?post=58838"},{"taxonomy":"post_tag","embeddable":true,"href":"https:\/\/www.actualidadadiario.com\/index.php\/wp-json\/wp\/v2\/tags?post=58838"}],"curies":[{"name":"wp","href":"https:\/\/api.w.org\/{rel}","templated":true}]}}