{"id":58835,"date":"2020-03-11T10:27:02","date_gmt":"2020-03-11T13:27:02","guid":{"rendered":"https:\/\/www.actualidadadiario.com\/?p=58835"},"modified":"2020-03-11T10:27:02","modified_gmt":"2020-03-11T13:27:02","slug":"actualizan-protocolos-de-actuacion-ante-nuevos-datos-epidemiologicos","status":"publish","type":"post","link":"https:\/\/www.actualidadadiario.com\/index.php\/2020\/03\/11\/actualizan-protocolos-de-actuacion-ante-nuevos-datos-epidemiologicos\/","title":{"rendered":"Actualizan protocolos de actuaci\u00f3n ante nuevos datos epidemiol\u00f3gicos"},"content":{"rendered":"<p style=\"text-align: center;\"><em><strong>El Ministerio de Salud, desde su Comit\u00e9 de Organizaci\u00f3n de Emergencia en Salud (COES), difundi\u00f3 los nuevos datos del mapa epidemiol\u00f3gico provincial. En la oportunidad, autoridades de la cartera dieron cuenta de las \u00faltimas medidas adoptadas en pos de organizar la respuesta asistencial<\/strong><\/em><\/p>\n<p>&nbsp;<\/p>\n<p>&nbsp;<\/p>\n<p>El Comit\u00e9 de Organizaci\u00f3n de Emergencia en Salud (COES) brind\u00f3 una nueva conferencia de prensa en la Sala de Situaci\u00f3n de la cartera sanitaria provincial, donde se detall\u00f3 la realidad provincial en relaci\u00f3n a las patolog\u00edas transmisibles emergentes. All\u00ed el director de Epidemiolog\u00eda, Diego Garcilazo, actualiz\u00f3 el mapa de situaci\u00f3n actual en materia de dengue, y brind\u00f3 precisiones en torno a la protocolizaci\u00f3n y recomendaciones impulsadas desde el COES para el abordaje del coronavirus. La instancia estuvo presidida por la secretaria de Salud, Carina Reh, acompa\u00f1ada por el secretario de Pol\u00edticas de Salud y Bienestar, Guillermo Zanuttini.<\/p>\n<p>En ese marco Zanuttini expres\u00f3: &#8220;Estamos organiz\u00e1ndonos desde la estructura de servicios para adelantarnos y dar la mejor respuesta posible, con el dinamismo que imprime esta situaci\u00f3n, teniendo en cuenta que cada d\u00eda hay nuevas recomendaciones\u201d. En tal sentido, dio como ejemplo la nueva directiva, aqu\u00ed la indicaci\u00f3n actual para quienes regresan al pa\u00eds, provenientes de zonas con circulaci\u00f3n activa del virus, es que deben guardar aislamiento domiciliario y, en caso de presentar s\u00edntomas, contactar a los servicios de salud, recomendaci\u00f3n que fue incorporada esta semana.<\/p>\n<p>En tanto que la secretaria de Salud, Carina Reh, precis\u00f3 que junto a todos los hospitales de la provincia y los centros de referencia se ha avanzado \u201cen la definici\u00f3n de los circuitos operativos de toma de muestra y aislamiento; como as\u00ed tambi\u00e9n la derivaci\u00f3n correcta de pacientes desde aquellos lugares en los que no se cuenta con la capacidad para realizar estas acciones\u201d. Para lograrlo, \u201chemos mantenido reuniones en las que se coordin\u00f3 la atenci\u00f3n y se especificaron las competencias de cada efector de acuerdo a su capacidad de atenci\u00f3n y nivel de riesgo\u201d, complet\u00f3.<\/p>\n<p>&nbsp;<\/p>\n<p><strong>Situaci\u00f3n actual<\/strong><\/p>\n<p>En principio, el director de Epidemiologia inform\u00f3 que, en materia de dengue y habiendo superado la primera semana de marzo, la provincia acumula un total de 69 casos identificados; de los cuales 35 corresponden a casos aut\u00f3ctonos.<\/p>\n<p>Garcilazo record\u00f3 que, dado que no existen vacunas para prevenir esta enfermedad ni medicamentos que la curen, la principal medida preventiva pasa por eliminar todos los criaderos de mosquitos (recipientes que contienen agua tanto en el interior de las casas como en sus alrededores); y evitar la picadura del vector mediante el uso de repelentes. Asimismo se se\u00f1al\u00f3 que la circulaci\u00f3n aut\u00f3ctona se ha dado mayormente en Paran\u00e1 y Concordia.<\/p>\n<p>En tanto que en materia de coronavirus, Garcilazo inform\u00f3 que seg\u00fan datos de la cartera nacional ya son 17 los infectados en Argentina, entre los que se registra un fallecimiento. Esta situaci\u00f3n ha motivado la actualizaci\u00f3n de los protocolos para la definici\u00f3n de casos sospechosos, as\u00ed como la ampliaci\u00f3n de las recomendaciones.<\/p>\n<p>A partir de las \u00faltimas directivas, se considera caso sospechoso a toda persona que presente fiebre y uno o m\u00e1s s\u00edntomas respiratorios (tos, dolor al tragar, dificultad respiratoria) sin otra causa que explique completamente la presentaci\u00f3n cl\u00ednica; y que haya provenido en los \u00faltimos 14 d\u00edas de zonas con transmisi\u00f3n local (China, Corea del Sur, Jap\u00f3n, Ir\u00e1n, Italia, Espa\u00f1a, Francia, Alemania) o haya estado en contacto con casos confirmados o probables de Covid-19. Tambi\u00e9n se considera sospechoso de Covid-19 a todo paciente con enfermedad respiratoria aguda grave que requiera asistencia respiratoria mec\u00e1nica debido a su cuadro respiratorio y sin otra causa que explique el cuadro cl\u00ednico.<\/p>\n<p>Asimismo, detall\u00f3 que el COES adhiri\u00f3 a las normativas nacionales del Ministerio de Educaci\u00f3n y del Ministerio de Trabajo, relacionadas a una licencia excepcional para los individuos que retornen de los destinos con transmisi\u00f3n activa; y que, con las adecuaciones de nuestra realidad sanitaria, tambi\u00e9n se suscribe a las cuatro recomendaciones del Ministerio de Salud de la Naci\u00f3n dirigidas espec\u00edficamente para escuelas en la fase actual (de contenci\u00f3n); aquellas orientadas a personas mayores (65 a\u00f1os o m\u00e1s) que es uno de los principales grupos de riesgo.<\/p>\n","protected":false},"excerpt":{"rendered":"<p>El Ministerio de Salud, desde su Comit\u00e9 de Organizaci\u00f3n de Emergencia en Salud (COES), difundi\u00f3 los nuevos datos del mapa epidemiol\u00f3gico provincial. En la oportunidad, autoridades de la cartera dieron cuenta de las \u00faltimas medidas adoptadas en pos de organizar la respuesta asistencial &nbsp; &nbsp; El Comit\u00e9 de Organizaci\u00f3n de Emergencia en Salud (COES) brind\u00f3 una nueva conferencia de prensa en la Sala de Situaci\u00f3n de la cartera sanitaria provincial, donde se detall\u00f3 la realidad provincial en relaci\u00f3n a las patolog\u00edas transmisibles emergentes. All\u00ed el director de Epidemiolog\u00eda, Diego Garcilazo,&#8230;<\/p>\n","protected":false},"author":3,"featured_media":58836,"comment_status":"closed","ping_status":"closed","sticky":false,"template":"","format":"standard","meta":[],"categories":[9],"tags":[],"_links":{"self":[{"href":"https:\/\/www.actualidadadiario.com\/index.php\/wp-json\/wp\/v2\/posts\/58835"}],"collection":[{"href":"https:\/\/www.actualidadadiario.com\/index.php\/wp-json\/wp\/v2\/posts"}],"about":[{"href":"https:\/\/www.actualidadadiario.com\/index.php\/wp-json\/wp\/v2\/types\/post"}],"author":[{"embeddable":true,"href":"https:\/\/www.actualidadadiario.com\/index.php\/wp-json\/wp\/v2\/users\/3"}],"replies":[{"embeddable":true,"href":"https:\/\/www.actualidadadiario.com\/index.php\/wp-json\/wp\/v2\/comments?post=58835"}],"version-history":[{"count":1,"href":"https:\/\/www.actualidadadiario.com\/index.php\/wp-json\/wp\/v2\/posts\/58835\/revisions"}],"predecessor-version":[{"id":58837,"href":"https:\/\/www.actualidadadiario.com\/index.php\/wp-json\/wp\/v2\/posts\/58835\/revisions\/58837"}],"wp:featuredmedia":[{"embeddable":true,"href":"https:\/\/www.actualidadadiario.com\/index.php\/wp-json\/wp\/v2\/media\/58836"}],"wp:attachment":[{"href":"https:\/\/www.actualidadadiario.com\/index.php\/wp-json\/wp\/v2\/media?parent=58835"}],"wp:term":[{"taxonomy":"category","embeddable":true,"href":"https:\/\/www.actualidadadiario.com\/index.php\/wp-json\/wp\/v2\/categories?post=58835"},{"taxonomy":"post_tag","embeddable":true,"href":"https:\/\/www.actualidadadiario.com\/index.php\/wp-json\/wp\/v2\/tags?post=58835"}],"curies":[{"name":"wp","href":"https:\/\/api.w.org\/{rel}","templated":true}]}}