{"id":58826,"date":"2020-03-10T10:59:48","date_gmt":"2020-03-10T13:59:48","guid":{"rendered":"https:\/\/www.actualidadadiario.com\/?p=58826"},"modified":"2020-03-10T10:59:48","modified_gmt":"2020-03-10T13:59:48","slug":"europa-en-alerta-roja-italia-paralizada-y-espana-sin-centros-educativos","status":"publish","type":"post","link":"https:\/\/www.actualidadadiario.com\/index.php\/2020\/03\/10\/europa-en-alerta-roja-italia-paralizada-y-espana-sin-centros-educativos\/","title":{"rendered":"Europa en alerta roja: Italia paralizada y Espa\u00f1a sin centros educativos"},"content":{"rendered":"<p style=\"text-align: center;\"><em><strong>Europa, de acuerdo a la curva de contagios, se encuentra en uno de los picos de expansi\u00f3n del virus. Principalmente Italia y Espa\u00f1a. El primer ministro italiano, Giuseppe Conte, anunci\u00f3 que se endurecen las medidas para frenar el coronavirus por lo cual el pa\u00eds ya es \u201c\u00e1rea protegida\u201d. Madrid, por su parte, cerr\u00f3 todas sus escuelas y universidades hasta el 3 de abril<\/strong><\/em><\/p>\n<p>&nbsp;<\/p>\n<p>\u201cYa no habr\u00e1 un \u00e1rea roja, sino que ser\u00e1 toda Italia la zona protegida\u201d, anunci\u00f3 Conte al detallar las \u201cmedidas m\u00e1s estrictas que todos los habitantes del pa\u00eds deben aceptar\u201d. El Gobierno decidi\u00f3 elevar las medidas de fuerza luego de que aumentaran los muertos y los enfermos en grandes cantidad de un d\u00eda para el otro.<\/p>\n<p>\u201cLos n\u00fameros nos dicen que estamos teniendo un crecimiento importante en personas en cuidados intensivos y desgraciadamente fallecidos. Nuestros h\u00e1bitos deben cambiarse ahora: todos debemos renunciar a algo por el bien de Italia\u201d, asever\u00f3 Conte en conferencia de prensa televisada y vista pr\u00e1cticamente por todo el pa\u00eds, seg\u00fan describe ANSA.<\/p>\n<p>Madrid va en el mismo camino, porque dada la proximidad y la curva ascendente de contagios, tambi\u00e9n endureci\u00f3 el protocolo. Por ello, se cierran hasta abril todas las universidades y escuelas de la capital. Sin embargo, los colegios tambi\u00e9n se cerrar\u00e1n en el Pa\u00eds Vasco. El objetivo es imponer un cerco m\u00e1ximo al traspaso del virus de persona a persona.<\/p>\n<p>En el resto del mundo, el caos se expande. Luego de que todos los pa\u00edses de la Uni\u00f3n Europea registraron casos confirmados, Am\u00e9rica del Norte, Central y del Sur tambi\u00e9n tienen contagios. \u00c1frica ya sum\u00f3 sus primeros enfermos de Covid-19. La Organizaci\u00f3n Mundial de la Salud a\u00fan no lo defini\u00f3, pero el mundo asiste a una nueva pandemia.<\/p>\n","protected":false},"excerpt":{"rendered":"<p>Europa, de acuerdo a la curva de contagios, se encuentra en uno de los picos de expansi\u00f3n del virus. Principalmente Italia y Espa\u00f1a. El primer ministro italiano, Giuseppe Conte, anunci\u00f3 que se endurecen las medidas para frenar el coronavirus por lo cual el pa\u00eds ya es \u201c\u00e1rea protegida\u201d. Madrid, por su parte, cerr\u00f3 todas sus escuelas y universidades hasta el 3 de abril &nbsp; \u201cYa no habr\u00e1 un \u00e1rea roja, sino que ser\u00e1 toda Italia la zona protegida\u201d, anunci\u00f3 Conte al detallar las \u201cmedidas m\u00e1s estrictas que todos los habitantes&#8230;<\/p>\n","protected":false},"author":3,"featured_media":58827,"comment_status":"closed","ping_status":"closed","sticky":false,"template":"","format":"standard","meta":[],"categories":[4],"tags":[],"_links":{"self":[{"href":"https:\/\/www.actualidadadiario.com\/index.php\/wp-json\/wp\/v2\/posts\/58826"}],"collection":[{"href":"https:\/\/www.actualidadadiario.com\/index.php\/wp-json\/wp\/v2\/posts"}],"about":[{"href":"https:\/\/www.actualidadadiario.com\/index.php\/wp-json\/wp\/v2\/types\/post"}],"author":[{"embeddable":true,"href":"https:\/\/www.actualidadadiario.com\/index.php\/wp-json\/wp\/v2\/users\/3"}],"replies":[{"embeddable":true,"href":"https:\/\/www.actualidadadiario.com\/index.php\/wp-json\/wp\/v2\/comments?post=58826"}],"version-history":[{"count":1,"href":"https:\/\/www.actualidadadiario.com\/index.php\/wp-json\/wp\/v2\/posts\/58826\/revisions"}],"predecessor-version":[{"id":58828,"href":"https:\/\/www.actualidadadiario.com\/index.php\/wp-json\/wp\/v2\/posts\/58826\/revisions\/58828"}],"wp:featuredmedia":[{"embeddable":true,"href":"https:\/\/www.actualidadadiario.com\/index.php\/wp-json\/wp\/v2\/media\/58827"}],"wp:attachment":[{"href":"https:\/\/www.actualidadadiario.com\/index.php\/wp-json\/wp\/v2\/media?parent=58826"}],"wp:term":[{"taxonomy":"category","embeddable":true,"href":"https:\/\/www.actualidadadiario.com\/index.php\/wp-json\/wp\/v2\/categories?post=58826"},{"taxonomy":"post_tag","embeddable":true,"href":"https:\/\/www.actualidadadiario.com\/index.php\/wp-json\/wp\/v2\/tags?post=58826"}],"curies":[{"name":"wp","href":"https:\/\/api.w.org\/{rel}","templated":true}]}}