{"id":58823,"date":"2020-03-10T10:59:03","date_gmt":"2020-03-10T13:59:03","guid":{"rendered":"https:\/\/www.actualidadadiario.com\/?p=58823"},"modified":"2020-03-10T10:59:03","modified_gmt":"2020-03-10T13:59:03","slug":"espana-suspendera-por-cuatro-anos-los-desalojos-a-familias-por-impago-de-alquileres","status":"publish","type":"post","link":"https:\/\/www.actualidadadiario.com\/index.php\/2020\/03\/10\/espana-suspendera-por-cuatro-anos-los-desalojos-a-familias-por-impago-de-alquileres\/","title":{"rendered":"Espa\u00f1a suspender\u00e1 por cuatro a\u00f1os los desalojos a familias por impago de alquileres"},"content":{"rendered":"<p style=\"text-align: center;\"><em><strong>Acuerdo entre el PSOE y Unidas Podemos que establece una moratoria de cuatro a\u00f1os frente a los desalojos hipotecarios. La medida achicar\u00eda el ya escaso mercado<\/strong><\/em><\/p>\n<p>&nbsp;<\/p>\n<p>El vicepresidente segundo de Espa\u00f1a, Pablo Iglesias, anunci\u00f3 que el Ejecutivo aprobar\u00e1 un real decreto ley que establecer\u00e1 una moratoria de cuatro a\u00f1os frente a los desalojos hipotecarios, as\u00ed como tambi\u00e9n aumentar\u00e1 el n\u00famero de hogares que podr\u00e1n acogerse a esta moratoria, &#8220;ampliando los supuestos considerados de vulnerabilidad como, por ejemplo, las familias monoparentales que tengan hijos a cargo&#8221;.<\/p>\n<p>Adem\u00e1s, Iglesias anunci\u00f3 que se introducir\u00e1n cambios en la Ley de Arrendamientos Urbanos para poner en marcha &#8220;medidas concretas para frenar los desahucios por impago del alquiler&#8221;, que, seg\u00fan su visi\u00f3n &#8220;ya son la mayor\u00eda de los que se producen en nuestro pa\u00eds&#8221;. A este respecto, el l\u00edder de Podemos asegur\u00f3 que se acord\u00f3 &#8220;prohibir desahucios por impago del alquiler en zonas de mercado tensionadas y en casos que tengan relaci\u00f3n con fondos buitre que hacen negocio con un derecho b\u00e1sico&#8221;.<\/p>\n<p>&#8220;Cuando uno tiene responsabilidades de Gobierno, lo que vale son los hechos, no las promesas. Hay que seguir trabajando en m\u00e1s medidas, pero estos son unos primeros hechos que van a aliviar la situaci\u00f3n de miles de familias que a d\u00eda de hoy no estaban viendo garantizado su derecho constitucional a la vivienda&#8221;, argument\u00f3 Iglesias.<\/p>\n<p>El vicepresidente segundo dio a conocer las medidas en un texto publicado en las redes sociales, que reprodujo Europa Press, en el que celebra que son fruto de la &#8220;eficiente coordinaci\u00f3n&#8221; en el seno del Gobierno, y agradeci\u00f3 a la vicepresidenta primera, Carmen Calvo, a la vicepresidenta tercera, Nadia Calvi\u00f1o, al ministro de Transportes, Movilidad y Agenda Urbana, Jos\u00e9 Luis \u00c1balos, y al presidente del Gobierno, Pedro S\u00e1nchez.<\/p>\n<p>M\u00e1s all\u00e1 de las palabras del l\u00edder de Podemos, de acuerdo con fuentes del sector inmobiliario citadas por medios espa\u00f1oles, estas medidas lo \u00fanico que har\u00e1n ser\u00e1 achicar el ya escaso mercado de viviendas de alquiler en territorio espa\u00f1ol.<\/p>\n<p>El n\u00famero de desalojos practicados durante 2019 registr\u00f3 un total de 17.411, lo que supone un descenso del 36,5% respecto a 2018, seg\u00fan informaci\u00f3n publicada d\u00edas atr\u00e1s por el Consejo General del Poder Judicial (CGPJ).<\/p>\n<p>Seg\u00fan medios espa\u00f1oles, Catalu\u00f1a es la regi\u00f3n que lidera el ranking de los desalojos en Espa\u00f1a en los \u00faltimos siete a\u00f1os y de forma ininterrumpida. En 2019 hubo 12.446 desalojos por orden judicial, y cerca del 70% de las familias expulsadas lo fueron por dejar de pagar el alquiler. Cada d\u00eda, hay 34 desahucios en Catalunya, mientras que Andaluc\u00eda es la segunda comunidad con m\u00e1s desalojos, 24 al d\u00eda, y Madrid la tercera, con 16 cada 24 horas.<\/p>\n<p>En otro orden, en 2019 los juzgados registraron 4.000 denuncias de propietarios a quienes les hab\u00edan ocupado la vivienda.<\/p>\n","protected":false},"excerpt":{"rendered":"<p>Acuerdo entre el PSOE y Unidas Podemos que establece una moratoria de cuatro a\u00f1os frente a los desalojos hipotecarios. La medida achicar\u00eda el ya escaso mercado &nbsp; El vicepresidente segundo de Espa\u00f1a, Pablo Iglesias, anunci\u00f3 que el Ejecutivo aprobar\u00e1 un real decreto ley que establecer\u00e1 una moratoria de cuatro a\u00f1os frente a los desalojos hipotecarios, as\u00ed como tambi\u00e9n aumentar\u00e1 el n\u00famero de hogares que podr\u00e1n acogerse a esta moratoria, &#8220;ampliando los supuestos considerados de vulnerabilidad como, por ejemplo, las familias monoparentales que tengan hijos a cargo&#8221;. Adem\u00e1s, Iglesias anunci\u00f3 que&#8230;<\/p>\n","protected":false},"author":3,"featured_media":58824,"comment_status":"closed","ping_status":"closed","sticky":false,"template":"","format":"standard","meta":[],"categories":[4],"tags":[],"_links":{"self":[{"href":"https:\/\/www.actualidadadiario.com\/index.php\/wp-json\/wp\/v2\/posts\/58823"}],"collection":[{"href":"https:\/\/www.actualidadadiario.com\/index.php\/wp-json\/wp\/v2\/posts"}],"about":[{"href":"https:\/\/www.actualidadadiario.com\/index.php\/wp-json\/wp\/v2\/types\/post"}],"author":[{"embeddable":true,"href":"https:\/\/www.actualidadadiario.com\/index.php\/wp-json\/wp\/v2\/users\/3"}],"replies":[{"embeddable":true,"href":"https:\/\/www.actualidadadiario.com\/index.php\/wp-json\/wp\/v2\/comments?post=58823"}],"version-history":[{"count":1,"href":"https:\/\/www.actualidadadiario.com\/index.php\/wp-json\/wp\/v2\/posts\/58823\/revisions"}],"predecessor-version":[{"id":58825,"href":"https:\/\/www.actualidadadiario.com\/index.php\/wp-json\/wp\/v2\/posts\/58823\/revisions\/58825"}],"wp:featuredmedia":[{"embeddable":true,"href":"https:\/\/www.actualidadadiario.com\/index.php\/wp-json\/wp\/v2\/media\/58824"}],"wp:attachment":[{"href":"https:\/\/www.actualidadadiario.com\/index.php\/wp-json\/wp\/v2\/media?parent=58823"}],"wp:term":[{"taxonomy":"category","embeddable":true,"href":"https:\/\/www.actualidadadiario.com\/index.php\/wp-json\/wp\/v2\/categories?post=58823"},{"taxonomy":"post_tag","embeddable":true,"href":"https:\/\/www.actualidadadiario.com\/index.php\/wp-json\/wp\/v2\/tags?post=58823"}],"curies":[{"name":"wp","href":"https:\/\/api.w.org\/{rel}","templated":true}]}}