{"id":58815,"date":"2020-03-10T10:55:38","date_gmt":"2020-03-10T13:55:38","guid":{"rendered":"https:\/\/www.actualidadadiario.com\/?p=58815"},"modified":"2020-03-10T10:55:38","modified_gmt":"2020-03-10T13:55:38","slug":"el-gobierno-se-prepara-para-debatir-el-aborto-la-semana-que-viene-en-diputados","status":"publish","type":"post","link":"https:\/\/www.actualidadadiario.com\/index.php\/2020\/03\/10\/el-gobierno-se-prepara-para-debatir-el-aborto-la-semana-que-viene-en-diputados\/","title":{"rendered":"El Gobierno se prepara para debatir el aborto la semana que viene en Diputados"},"content":{"rendered":"<p style=\"text-align: center;\"><em><strong>El proyecto llegar\u00eda en estos d\u00edas y se convocar\u00eda a un plenario de cuatro comisiones, pero el oficialismo no define los integrantes y trata de evitar que haya celestes. Llegar\u00eda al recinto a fin de mes<\/strong><\/em><\/p>\n<p>&nbsp;<\/p>\n<p>&nbsp;<\/p>\n<p>Un plenario de comisiones la semana que viene y una sesi\u00f3n en la siguiente es, por ahora, la hoja de ruta del Gobierno para aprobar la ley del aborto en Diputados, donde conf\u00eda en tener una mayor\u00eda para imponerse.<\/p>\n<p>No as\u00ed en el Senado, que sigue con predominio de votos Provida y la necesidad de ablandar a los gobernadores peronistas para revertir el escenario. Este domingo ninguno se acerc\u00f3 a la multitudinaria misa del Episcopado en Luj\u00e1n, donde s\u00ed estuvo el ex secretario de Comercio Interior Guillermo Moreno.<\/p>\n<p>El proyecto a\u00fan lo est\u00e1 definiendo Alberto Fern\u00e1ndez, su secretaria Legal y T\u00e9cnica, Vilma Ibarra y\u00a0\u00a0\u00a0 Victoria G\u00f3mez Alcorta, ministra de las Mujeres, G\u00e9neros y Diversidad. Ambas ganaron la primera batalla interna: no tendr\u00eda la objeci\u00f3n de conciencia institucional, como le hab\u00eda anticipado el ministro de Salud Gin\u00e9s Gonz\u00e1lez Garc\u00eda a sus colegas del interior.<\/p>\n<p>Iba a ser un gesto a la iglesia pero como aun as\u00ed no cesar\u00eda su lucha en las calles, el presidente habr\u00eda decidido dejar un texto similar al aprobado en 2018, seg\u00fan dejaron trascender sus voceros. Esto es, interrupci\u00f3n legal hasta la semana 14 de gestaci\u00f3n y objeci\u00f3n de conciencia individual.<\/p>\n<p>No habr\u00eda una despenalizaci\u00f3n a secas, como piden algunos legisladores para que pase el filtro de las provincias m\u00e1s duras. &#8220;Vamos a hacer el proyecto que pensamos y que cada uno vote a conciencia&#8221;, era el mensaje de la Casa Rosada, donde negaban cualquier presi\u00f3n a los senadores para que la ley se sancione.<\/p>\n<p>Un problema que hab\u00eda surgido este lunes era la composici\u00f3n de las comisiones, porque si por casualidad quedaban con mayor\u00eda en contra del aborto el proyecto pod\u00eda sucumbir sin tener siquiera dictamen. El reglamento solicita una distribuci\u00f3n de sus miembros similar a la representaci\u00f3n de cada bloque, pero no de verdes y celestes.<\/p>\n<p>De hecho, la Comisi\u00f3n de Legislaci\u00f3n General, conformada en diciembre y presidida por Cecilia Moreau, ser\u00eda una de las que integre el plenario y entre sus integrantes no hay una mayor\u00eda s\u00f3lida a favor del aborto. Las indefiniciones de Lucas Godoy (Frente de Todos) y el santiague\u00f1o Bernardo Herrera son claves para desnivelar.<\/p>\n<p>Las otras comisiones que recibir\u00edan el proyecto ser\u00edan Legislaci\u00f3n Penal, Mujeres y Diversidad y Salud. Las tres ten\u00edan horario para constituirse este martes (a las 15.30, 18 y 18.30 horas), pero hasta la noche de este lunes no estaban definidos sus integrantes y fuente del Congreso aseguraban que se iban a armar reci\u00e9n el jueves.<\/p>\n<p>El peronista tucumano Pablo Yedlin presidir\u00e1 la de Salud, un m\u00e9dico que respalda el aborto legal y promete defenderlo con cifras y argumentos. La de Mujeres y Diversidad la encabezar\u00eda M\u00f3nica Macha, tambi\u00e9n del Frente de Todos y activa integrante de las &#8220;Sororas&#8221;, aquel colectivo de diputadas que en 2018 logr\u00f3 aprobar la ley cuando parec\u00eda imposible.<\/p>\n<p>La mayor referente de aquella gesta fue Silvia Lospennato, que a\u00fan es secretaria parlamentaria del PRO. Esta noche voceros de su bloque aseguraban que se hab\u00eda reunido con su colega del oficialismo Cristina \u00c1lvarez Rodr\u00edguez, encargada del poroteo final de las comisiones, para definir las conformaciones finales y, adem\u00e1s, cuidarse de poner m\u00e1s verdes que celestes donde haga falta.<\/p>\n<p>Tambi\u00e9n deb\u00edan resolver cuentas pendientes entre ellas: el frente de Todos hab\u00eda prometido darle 21 presidencias, pero no hab\u00eda definido de qu\u00e9 comisiones. 22 de las restantes le quedar\u00edan a sus diputados y 2\u00a0 a repartir entre el bloque federal de Roberto Lavagna y Unidad Federal para el Desarrollo, de Jos\u00e9 Luis Ram\u00f3n. El primero tiene m\u00e1s diputados, pero ser\u00edan castigados por no dar qu\u00f3rum en la \u00faltima sesi\u00f3n.<\/p>\n<p>Entre los diputados que se opusieron al aborto en 2018 retom\u00f3 la propuesta de definir si hay aborto legal en Argentina con un plebiscito, Lo propuso Ram\u00f3n y su coterr\u00e1neo Alfredo Cornejo, presidente de la UCR. &#8220;El tono del discurso de Alberto Fern\u00e1ndez fue conciliador, dej\u00f3 de lado la \u00e9pica kirchnerista. Pero es muy factible que mucho de su contenido tenga la pluma de Cristina Fern\u00e1ndez de Kirchner&#8221;, poste\u00f3.<\/p>\n<p>La consulta popular era alternativa muy escuchada cuando parec\u00eda posible que el Senado aprobara con cambios el proyecto, pero los constitucionalistas advert\u00edan que por tratarse de un tema penal, no podr\u00eda ser vinculante. Adem\u00e1s, ser\u00eda un costo alto para el Gobierno salvo que quiera hacer el plebiscito junto a la elecci\u00f3n legislativa que de esta manera quedar\u00eda eclipsada. Por ahora est\u00e1 lejos de ser una opci\u00f3n cercana.<\/p>\n","protected":false},"excerpt":{"rendered":"<p>El proyecto llegar\u00eda en estos d\u00edas y se convocar\u00eda a un plenario de cuatro comisiones, pero el oficialismo no define los integrantes y trata de evitar que haya celestes. Llegar\u00eda al recinto a fin de mes &nbsp; &nbsp; Un plenario de comisiones la semana que viene y una sesi\u00f3n en la siguiente es, por ahora, la hoja de ruta del Gobierno para aprobar la ley del aborto en Diputados, donde conf\u00eda en tener una mayor\u00eda para imponerse. No as\u00ed en el Senado, que sigue con predominio de votos Provida y&#8230;<\/p>\n","protected":false},"author":3,"featured_media":58711,"comment_status":"closed","ping_status":"closed","sticky":false,"template":"","format":"standard","meta":[],"categories":[18],"tags":[],"_links":{"self":[{"href":"https:\/\/www.actualidadadiario.com\/index.php\/wp-json\/wp\/v2\/posts\/58815"}],"collection":[{"href":"https:\/\/www.actualidadadiario.com\/index.php\/wp-json\/wp\/v2\/posts"}],"about":[{"href":"https:\/\/www.actualidadadiario.com\/index.php\/wp-json\/wp\/v2\/types\/post"}],"author":[{"embeddable":true,"href":"https:\/\/www.actualidadadiario.com\/index.php\/wp-json\/wp\/v2\/users\/3"}],"replies":[{"embeddable":true,"href":"https:\/\/www.actualidadadiario.com\/index.php\/wp-json\/wp\/v2\/comments?post=58815"}],"version-history":[{"count":1,"href":"https:\/\/www.actualidadadiario.com\/index.php\/wp-json\/wp\/v2\/posts\/58815\/revisions"}],"predecessor-version":[{"id":58816,"href":"https:\/\/www.actualidadadiario.com\/index.php\/wp-json\/wp\/v2\/posts\/58815\/revisions\/58816"}],"wp:featuredmedia":[{"embeddable":true,"href":"https:\/\/www.actualidadadiario.com\/index.php\/wp-json\/wp\/v2\/media\/58711"}],"wp:attachment":[{"href":"https:\/\/www.actualidadadiario.com\/index.php\/wp-json\/wp\/v2\/media?parent=58815"}],"wp:term":[{"taxonomy":"category","embeddable":true,"href":"https:\/\/www.actualidadadiario.com\/index.php\/wp-json\/wp\/v2\/categories?post=58815"},{"taxonomy":"post_tag","embeddable":true,"href":"https:\/\/www.actualidadadiario.com\/index.php\/wp-json\/wp\/v2\/tags?post=58815"}],"curies":[{"name":"wp","href":"https:\/\/api.w.org\/{rel}","templated":true}]}}