{"id":58812,"date":"2020-03-10T10:54:41","date_gmt":"2020-03-10T13:54:41","guid":{"rendered":"https:\/\/www.actualidadadiario.com\/?p=58812"},"modified":"2020-03-10T10:54:41","modified_gmt":"2020-03-10T13:54:41","slug":"macri-vuelve-a-verse-cara-a-cara-con-sus-aliados","status":"publish","type":"post","link":"https:\/\/www.actualidadadiario.com\/index.php\/2020\/03\/10\/macri-vuelve-a-verse-cara-a-cara-con-sus-aliados\/","title":{"rendered":"Macri vuelve a verse cara a cara con sus aliados"},"content":{"rendered":"<p style=\"text-align: center;\"><em><strong>Hasta ahora, el ex presidente hab\u00eda evitado los encuentros con dirigentes del PRO, la UCR y la CC. Este martes se reunir\u00e1 con Horacio Rodr\u00edguez Larreta, Mar\u00eda Eugenia Vidal, Alfredo Cornejo y los gobernadores del espacio, en busca de transmitir un mensaje de unidad de la alianza opositora<\/strong><\/em><\/p>\n<p>&nbsp;<\/p>\n<p>&nbsp;<\/p>\n<p>El ex presidente Mauricio Macri har\u00e1 acto de presencia por primera vez desde que dej\u00f3 el gobierno en la reuni\u00f3n de la mesa nacional de Juntos por el Cambio. El ex mandatario hab\u00eda evitado hasta ahora los encuentros, por viajes y otras circunstancias que lo mantuvieron lejos de sus aliados (y los reclamos que puedan hacerle). Del encuentro participar\u00e1n el jefe de gobierno porte\u00f1o, Horacio Rodr\u00edguez Larreta &#8211;con quien existe una solapada disputa por el liderazgo a futuro&#8211; y tambi\u00e9n los radicales, algunos de los cuales no ocultan sus ganas de que Macri mantenga un bajo perfil permanente. El ex presidente viene sosteniendo una l\u00ednea m\u00e1s dura que la que proponen Larreta y Mar\u00eda Eugenia Vidal y, por el momento, viene consiguiendo que las declaraciones de la mesa nacional est\u00e9n a tono con sus deseos. El encuentro buscar\u00e1 dar otra muestra de unidad del espacio.<\/p>\n<p>Los dirigentes de Juntos por el Cambio se reunir\u00e1n este martes a las 17 en el Comit\u00e9 Nacional de la UCR. Adem\u00e1s de Macri, Larreta y Vidal, estar\u00e1n los tres gobernadores radicales: Gerardo Morales (Jujuy), Gustavo Vald\u00e9s (Corrientes) y Rodolfo Su\u00e1rez (Mendoza). Tambi\u00e9n participar\u00e1n el titular de la UCR, Alfredo Cornejo &#8211;que hace no mucho elogi\u00f3 a Macri por mantenerse callado&#8211;, el de la Coalici\u00f3n C\u00edvica, Maximiliano Ferraro, y la flamante presidenta del PRO, Patricia Bullrich, en quien Macri deleg\u00f3 el d\u00eda a d\u00eda de los encuentros de la alianza. Tambi\u00e9n ser\u00e1n de la partida los presidentes de las bancadas en el Senado y en Diputados.<\/p>\n<p>El \u00faltimo encuentro &#8211;al que el ex presidente falt\u00f3 por estar de viaje en Guatemala, desde donde dijo que &#8220;el populismo es peor que el coronavirus&#8221;&#8211; eludi\u00f3 cualquier discusi\u00f3n sobre las diferencias internas del espacio y apunt\u00f3 contra el gobierno nacional por lo que consideran que es un intento de avanzar sobre el Poder Judicial y, en particular, de intervenir la Justicia de Jujuy. Macri ya hab\u00eda expresado que hab\u00eda que avanzar en esa l\u00ednea discursiva una semana antes, durante un encuentro con la mesa chica del PRO que \u00e9l mismo convoc\u00f3 para dar se\u00f1ales de que sigue siendo el que manda.<\/p>\n<p>No obstante, sacando a quienes se muestran como incondicionales (Bullrich y Miguel Angel Pichetto, que se qued\u00f3 sin la presidencia de la Auditor\u00eda General de la Naci\u00f3n), hay cada vez m\u00e1s voces en Juntos por el Cambio &#8211;e incluso en el PRO&#8211; que ponen en duda que Macri pueda seguir siendo el l\u00edder indiscutido del espacio, luego de los resultados de su gobierno, en particular, los econ\u00f3micos. El n\u00facleo duro de Macri contesta con el 40 por ciento que obtuvo en las \u00faltimas elecciones.<\/p>\n<p>Entre los dirigentes con los que se ver\u00e1 Macri hay por lo menos dos que tienen un proyecto presidencial: Larreta y Cornejo. El primero viene evitando una confrontaci\u00f3n directa, mientras teje con otros sectores del PRO, como los referenciados en Rogelio Frigerio y Emilio Monz\u00f3. El segundo hace tiempo que no oculta su antipat\u00eda por Macri. Los radicales podr\u00edan tener un segundo candidato presidencial en Mart\u00edn Lousteau, por lo que el liderazgo es disputado desde m\u00e1s de un lugar.<\/p>\n<p>Tambi\u00e9n hay diferencias en c\u00f3mo encarar en esta etapa la relaci\u00f3n con Alberto Fern\u00e1ndez.\u00a0 Tanto Vidal como Larreta vienen apostando a una oposici\u00f3n m\u00e1s dialoguista. No consideran conveniente incentivar la polarizaci\u00f3n con un Gobierno que acaba de llegar y que mantiene buena imagen positiva, seg\u00fan public\u00f3 el consultor Jaime Dur\u00e1n Barba en su columna dominical en Perfil. Del lado de Macri y Patricia Bullrich, est\u00e1 claro que la estrategia es ir al choque.<\/p>\n<p>Es probable que todo esto sea nuevamente solapado en el nuevo encuentro de Macri con los principales dirigentes del espacio en pos de discutir la coyuntura actual. Si bien es una reuni\u00f3n a agenda abierta, es probable que el ex presidente se refiera &#8211;como ya hizo en otras reuniones&#8211; a su preocupaci\u00f3n por la marcha de la econom\u00eda y la suba del riesgo pa\u00eds. Esto a veces genera incomodidad entre sus aliados, que tal vez no terminan de entender que Macri no considera que pueda ser responsabilizado por la situaci\u00f3n actual y, por lo tanto, se expresa como un observador m\u00e1s. O como un opositor que no gobern\u00f3 previamente. Tambi\u00e9n es probable que Macri se queje por el proyecto de reforma judicial del Gobierno, que todav\u00eda no fue presentado. Y el lockout rural seguramente sea otro de los temas a tocar en el encuentro. Resta ver si hay foto de familia del ex presidente con sus aliados. Cornejo, por caso, no se volvi\u00f3 a sacar una foto con Macri desde las elecciones primarias de 2019.<\/p>\n","protected":false},"excerpt":{"rendered":"<p>Hasta ahora, el ex presidente hab\u00eda evitado los encuentros con dirigentes del PRO, la UCR y la CC. Este martes se reunir\u00e1 con Horacio Rodr\u00edguez Larreta, Mar\u00eda Eugenia Vidal, Alfredo Cornejo y los gobernadores del espacio, en busca de transmitir un mensaje de unidad de la alianza opositora &nbsp; &nbsp; El ex presidente Mauricio Macri har\u00e1 acto de presencia por primera vez desde que dej\u00f3 el gobierno en la reuni\u00f3n de la mesa nacional de Juntos por el Cambio. El ex mandatario hab\u00eda evitado hasta ahora los encuentros, por viajes&#8230;<\/p>\n","protected":false},"author":3,"featured_media":58813,"comment_status":"closed","ping_status":"closed","sticky":false,"template":"","format":"standard","meta":[],"categories":[18],"tags":[],"_links":{"self":[{"href":"https:\/\/www.actualidadadiario.com\/index.php\/wp-json\/wp\/v2\/posts\/58812"}],"collection":[{"href":"https:\/\/www.actualidadadiario.com\/index.php\/wp-json\/wp\/v2\/posts"}],"about":[{"href":"https:\/\/www.actualidadadiario.com\/index.php\/wp-json\/wp\/v2\/types\/post"}],"author":[{"embeddable":true,"href":"https:\/\/www.actualidadadiario.com\/index.php\/wp-json\/wp\/v2\/users\/3"}],"replies":[{"embeddable":true,"href":"https:\/\/www.actualidadadiario.com\/index.php\/wp-json\/wp\/v2\/comments?post=58812"}],"version-history":[{"count":1,"href":"https:\/\/www.actualidadadiario.com\/index.php\/wp-json\/wp\/v2\/posts\/58812\/revisions"}],"predecessor-version":[{"id":58814,"href":"https:\/\/www.actualidadadiario.com\/index.php\/wp-json\/wp\/v2\/posts\/58812\/revisions\/58814"}],"wp:featuredmedia":[{"embeddable":true,"href":"https:\/\/www.actualidadadiario.com\/index.php\/wp-json\/wp\/v2\/media\/58813"}],"wp:attachment":[{"href":"https:\/\/www.actualidadadiario.com\/index.php\/wp-json\/wp\/v2\/media?parent=58812"}],"wp:term":[{"taxonomy":"category","embeddable":true,"href":"https:\/\/www.actualidadadiario.com\/index.php\/wp-json\/wp\/v2\/categories?post=58812"},{"taxonomy":"post_tag","embeddable":true,"href":"https:\/\/www.actualidadadiario.com\/index.php\/wp-json\/wp\/v2\/tags?post=58812"}],"curies":[{"name":"wp","href":"https:\/\/api.w.org\/{rel}","templated":true}]}}