{"id":58809,"date":"2020-03-10T10:53:45","date_gmt":"2020-03-10T13:53:45","guid":{"rendered":"https:\/\/www.actualidadadiario.com\/?p=58809"},"modified":"2020-03-10T10:53:45","modified_gmt":"2020-03-10T13:53:45","slug":"el-senado-inicia-el-debate-por-la-declaracion-de-capitales-alternas","status":"publish","type":"post","link":"https:\/\/www.actualidadadiario.com\/index.php\/2020\/03\/10\/el-senado-inicia-el-debate-por-la-declaracion-de-capitales-alternas\/","title":{"rendered":"El Senado inicia el debate por la declaraci\u00f3n de capitales alternas"},"content":{"rendered":"<p style=\"text-align: center;\"><em><strong>La C\u00e1mara de Senadores comenzar\u00e1 esta tarde el debate del proyecto de ley de capitales alternas enviado por el presidente Alberto Fern\u00e1ndez. Por medio de esta iniciativa, el jefe de Estado pretende avanzar con \u201cpol\u00edticas de descentralizaci\u00f3n y federalizaci\u00f3n\u201d. La discusi\u00f3n del texto se realizar\u00e1 en un plenario de las comisiones de Asuntos Constitucionales y de Presupuesto y Hacienda del Senado, fijado para las 17.30 en el sal\u00f3n Arturo Illia<\/strong><\/em><\/p>\n<p>&nbsp;<\/p>\n<p>El proyecto establece que el Ministerio del Interior coordinar\u00e1 el \u201cproceso de evaluaci\u00f3n y selecci\u00f3n de los organismos y entidades del sector p\u00fablico nacional\u201d. Adem\u00e1s, impulsa que las sedes centrales sean \u201crelocalizadas o instaladas en territorio provincial\u201d, previo estudio del potencial impacto en las jurisdicciones. Para esto, deber\u00e1n considerarse las competencias de la instituci\u00f3n a trasladar y \u201clas propuestas recibidas desde los Gobiernos y Legislaturas provinciales y municipales\u201d.<\/p>\n<p>La iniciativa promueve la declaraci\u00f3n de la Ciudad de Buenos Aires y de otras 24 localidades propuestas por cada provincia como \u201ccapitales alternas\u201d. Asimismo, crea un Gabinete federal, que realizar\u00e1 reuniones de trabajo entre autoridades nacionales y locales y organizaciones de la sociedad civil. Los encuentros deber\u00e1n realizarse con una periodicidad no mayor a 30 d\u00edas. El jefe de Gabinete de la Naci\u00f3n ser\u00e1 el encargado de realizar la convocatoria.<\/p>\n<p>&nbsp;<\/p>\n<p><strong>\u00bfPor qu\u00e9 crear capitales alternas?<\/strong><\/p>\n<p>En su discurso ante la Asamblea Legislativa, el mandatario asegur\u00f3 que el \u201cobjetivo es descentralizar la administraci\u00f3n p\u00fablica nacional y promover un plan de desarrollo con equidad territorial\u201d. A trav\u00e9s de este \u00faltimo, \u201cse fortalecer\u00e1n las estructuras econ\u00f3micas en las provincias con planificaci\u00f3n y financiamiento para infraestructura productiva\u201d, explic\u00f3 en el Congreso.<\/p>\n<p>A mediados de febrero, cuando envi\u00f3 la iniciativa al Congreso, Fern\u00e1ndez hab\u00eda advertido sobre \u201cla existencia de importantes desigualdades entre las regiones\u201d. Por tal motivo, consider\u00f3 necesario \u201cacercar el Gobierno nacional a las realidades de las diversas jurisdicciones, as\u00ed como tambi\u00e9n impactar positivamente en las econom\u00edas regionales\u201c.<\/p>\n<p>&nbsp;<\/p>\n<p><strong>Ciudades propuestas<\/strong><\/p>\n<p>A continuaci\u00f3n, se detallar\u00e1 el listado de las capitales alternas propuestas:<\/p>\n<p>&nbsp;<\/p>\n<ul>\n<li><strong>Regi\u00f3n pampena:<\/strong> La Matanza y General Pueyrred\u00f3n (Buenos Aires), R\u00edo Cuarto (C\u00f3rdoba), Concordia (Entre R\u00edos), General Pico (La Pampa), Rosario (Santa Fe) y Capital Federal.<\/li>\n<li><strong>Noroeste:<\/strong> Tinogasta (Catamarca), Chilecito (La Rioja), La Banda (Santiago del Estero), Monteros (Tucum\u00e1n), Or\u00e1n (Salta) y San Pedro de Jujuy.<\/li>\n<li><strong>Noreste:<\/strong> Presidencia Roque S\u00e1enz Pe\u00f1a (Chaco), Ober\u00e1 (Misiones), Goya (Corrientes) y Ciudad de Formosa.<\/li>\n<li><strong>Patagonia:<\/strong> Comodoro Rivadavia (Chubut), Cutral C\u00f3 (Neuqu\u00e9n), Bariloche (R\u00edo Negro), Caleta Olivia (Santa Cruz) y R\u00edo Grande (Tierra del Fuego).<\/li>\n<li><strong>Cuyo:<\/strong> Guaymall\u00e9n (Mendoza), Caucete (San Juan) y Ciudad de San Luis.<\/li>\n<\/ul>\n","protected":false},"excerpt":{"rendered":"<p>La C\u00e1mara de Senadores comenzar\u00e1 esta tarde el debate del proyecto de ley de capitales alternas enviado por el presidente Alberto Fern\u00e1ndez. Por medio de esta iniciativa, el jefe de Estado pretende avanzar con \u201cpol\u00edticas de descentralizaci\u00f3n y federalizaci\u00f3n\u201d. La discusi\u00f3n del texto se realizar\u00e1 en un plenario de las comisiones de Asuntos Constitucionales y de Presupuesto y Hacienda del Senado, fijado para las 17.30 en el sal\u00f3n Arturo Illia &nbsp; El proyecto establece que el Ministerio del Interior coordinar\u00e1 el \u201cproceso de evaluaci\u00f3n y selecci\u00f3n de los organismos y&#8230;<\/p>\n","protected":false},"author":3,"featured_media":58810,"comment_status":"closed","ping_status":"closed","sticky":false,"template":"","format":"standard","meta":[],"categories":[18],"tags":[],"_links":{"self":[{"href":"https:\/\/www.actualidadadiario.com\/index.php\/wp-json\/wp\/v2\/posts\/58809"}],"collection":[{"href":"https:\/\/www.actualidadadiario.com\/index.php\/wp-json\/wp\/v2\/posts"}],"about":[{"href":"https:\/\/www.actualidadadiario.com\/index.php\/wp-json\/wp\/v2\/types\/post"}],"author":[{"embeddable":true,"href":"https:\/\/www.actualidadadiario.com\/index.php\/wp-json\/wp\/v2\/users\/3"}],"replies":[{"embeddable":true,"href":"https:\/\/www.actualidadadiario.com\/index.php\/wp-json\/wp\/v2\/comments?post=58809"}],"version-history":[{"count":1,"href":"https:\/\/www.actualidadadiario.com\/index.php\/wp-json\/wp\/v2\/posts\/58809\/revisions"}],"predecessor-version":[{"id":58811,"href":"https:\/\/www.actualidadadiario.com\/index.php\/wp-json\/wp\/v2\/posts\/58809\/revisions\/58811"}],"wp:featuredmedia":[{"embeddable":true,"href":"https:\/\/www.actualidadadiario.com\/index.php\/wp-json\/wp\/v2\/media\/58810"}],"wp:attachment":[{"href":"https:\/\/www.actualidadadiario.com\/index.php\/wp-json\/wp\/v2\/media?parent=58809"}],"wp:term":[{"taxonomy":"category","embeddable":true,"href":"https:\/\/www.actualidadadiario.com\/index.php\/wp-json\/wp\/v2\/categories?post=58809"},{"taxonomy":"post_tag","embeddable":true,"href":"https:\/\/www.actualidadadiario.com\/index.php\/wp-json\/wp\/v2\/tags?post=58809"}],"curies":[{"name":"wp","href":"https:\/\/api.w.org\/{rel}","templated":true}]}}