{"id":58803,"date":"2020-03-10T10:52:18","date_gmt":"2020-03-10T13:52:18","guid":{"rendered":"https:\/\/www.actualidadadiario.com\/?p=58803"},"modified":"2020-03-10T10:52:18","modified_gmt":"2020-03-10T13:52:18","slug":"el-primer-dia-de-paro-dejo-un-saldo-negativo-en-el-campo","status":"publish","type":"post","link":"https:\/\/www.actualidadadiario.com\/index.php\/2020\/03\/10\/el-primer-dia-de-paro-dejo-un-saldo-negativo-en-el-campo\/","title":{"rendered":"El primer d\u00eda de paro dej\u00f3 un saldo negativo en el campo"},"content":{"rendered":"<p style=\"text-align: center;\"><em><strong>La medida de fuerza de la Mesa de Enlace tuvo una adhesi\u00f3n limitada en las provincias del centro del pa\u00eds. Apuestan a Expoagro para activar a las bases<\/strong><\/em><\/p>\n<p>&nbsp;<\/p>\n<p>&nbsp;<\/p>\n<p>El primer d\u00eda de paro dej\u00f3 un saldo negativo en el campo La medida de fuerza de la Mesa de Enlace tuvo una adhesi\u00f3n limitada en las provincias del centro del pa\u00eds. Apuestan a Expoagro para activar a las bases.<\/p>\n<p>Este lunes comenz\u00f3, tal como estaba previsto, el paro de cuatro d\u00edas lanzado por las entidades rurales que integran la Mesa de Enlace en reclamo por la baja de retenciones a la soja que aumentaron la semana pasada del 30 al 33%.<\/p>\n<p>Se realiz\u00f3 un relevamiento para conocer en detalle el alcance de la primera medida de fuerza del campo contra el gobierno de Alberto Fern\u00e1ndez. La conclusi\u00f3n general es que el primer d\u00eda de paro arroj\u00f3 un acatamiento parcial y adhesi\u00f3n limitada.<\/p>\n<p>Uno de los datos m\u00e1s llamativos es que este lunes no se vio resentido el ingreso de camiones cargados con granos a las industrias y terminales portuarias de la zona de Rosario donde operan las principales compa\u00f1\u00edas agroexportadoras.<\/p>\n<p>La firma Williams Entregas -que releva el movimiento de camiones en los puertos de Santa Fe- inform\u00f3 que hoy ingresaron un total de 4581 veh\u00edculos, una cifra incluso mayor al promedio diario registrado la semana pasada previo al anuncio de paro.<\/p>\n<p>En la provincia de Buenos Aires, en tanto, los puertos de Quequ\u00e9n y Bah\u00eda Blanca operaron apenas por debajo del ritmo habitual, mientras que en las industrias agroalimentarias del norte provincial ingresaron unos 402 camiones.<\/p>\n<p>En la Bolsa de Comercio de Rosario (BCR), por su parte, hubo operaciones a pesar del paro decretado por la Mesa de Enlace. El mercado local oper\u00f3 en casi todos los productos con precios a la baja afectado por el impacto del coronavirus a nivel mundial.<\/p>\n<p>Uno de los term\u00f3metros para evaluar el alcance de un paro agropecuario es siempre el Mercado de Liniers. En la plaza porte\u00f1a ingresaron en 58 camiones un total de 2516 cabezas de ganado, un n\u00famero similar al que se registran los d\u00edas lunes.<\/p>\n<p>Cabe aclarar que en Liniers el paro comenzar\u00e1 a sentirse ma\u00f1ana dado que los camiones que trasladan los animales que luego se rematan ingresan con un d\u00eda de anticipaci\u00f3n (la semana pasada el promedio de ventas fue de 10.156 cabezas por d\u00eda).<\/p>\n<p>Por otra parte, Federaci\u00f3n Agraria (FAA) finalmente dio libertad de acci\u00f3n a sus afiliados debido a diferencias internas entre los dirigentes y un grupo de productores de base cercanos al kirchnerismo que se resisten al inicio de un plan de lucha.<\/p>\n<p>Un dato no menor es que los gremios de los que depende la actividad agroindustrial no adhirieron. La Confederaci\u00f3n de Trabajadores del Transporte (CATT), que conduce Juan Carlos Schmid, y el Gremio de Aceiteros rechazaron el cese de comercializaci\u00f3n.<\/p>\n<p>Tampoco se sumaron al paro la Uni\u00f3n de ecibidores de Granos (URGARA), que conduce Pablo Palacio, el Sindicato de la Fraternidad, que lidera Omar Maturano, el Gremio de la Carne, que preside Alberto Faninti y ATILRA a cargo de H\u00e9ctor Ponce.<\/p>\n<p>En esta l\u00ednea, la Confederaci\u00f3n Argentina de la Mediana Empresa (CAME) celebr\u00f3 -a trav\u00e9s de los directivos del \u00e1rea de Econom\u00edas Regionales- la baja de retenciones a diversos productos agroindustriales cuya al\u00edcuota se estableci\u00f3 ahora en un 5%.<\/p>\n<p>&#8220;Destacamos la baja de retenciones a las econom\u00edas regionales porque tienen un impacto importante en la contrataci\u00f3n de mano de obra intensiva. Nuestro reclamo fue escuchado y atendido&#8221;, coment\u00f3 Pablo Vernengo, director ejecutivo de CAME.<\/p>\n<p>En el campo creen que el paro comenzar\u00e1 a sentirse de manera progresiva de la mano del inicio de Expoagro 2020 en San Nicol\u00e1s dado que all\u00ed se reunir\u00e1n cientos de productores que encabezar\u00e1n asambleas para evaluar los pasos a seguir.<\/p>\n<p>Por de pronto, el alcance de las primeras 24 horas de cese de comercializaci\u00f3n se limit\u00f3 parcialmente a las provincias de Buenos Aires, C\u00f3rdoba, Entre R\u00edos, Santa Fe y algunos sectores de La Pampa, sin mayores acatamientos en el norte del pa\u00eds.<\/p>\n","protected":false},"excerpt":{"rendered":"<p>La medida de fuerza de la Mesa de Enlace tuvo una adhesi\u00f3n limitada en las provincias del centro del pa\u00eds. Apuestan a Expoagro para activar a las bases &nbsp; &nbsp; El primer d\u00eda de paro dej\u00f3 un saldo negativo en el campo La medida de fuerza de la Mesa de Enlace tuvo una adhesi\u00f3n limitada en las provincias del centro del pa\u00eds. Apuestan a Expoagro para activar a las bases. Este lunes comenz\u00f3, tal como estaba previsto, el paro de cuatro d\u00edas lanzado por las entidades rurales que integran la&#8230;<\/p>\n","protected":false},"author":3,"featured_media":58804,"comment_status":"closed","ping_status":"closed","sticky":false,"template":"","format":"standard","meta":[],"categories":[18],"tags":[],"_links":{"self":[{"href":"https:\/\/www.actualidadadiario.com\/index.php\/wp-json\/wp\/v2\/posts\/58803"}],"collection":[{"href":"https:\/\/www.actualidadadiario.com\/index.php\/wp-json\/wp\/v2\/posts"}],"about":[{"href":"https:\/\/www.actualidadadiario.com\/index.php\/wp-json\/wp\/v2\/types\/post"}],"author":[{"embeddable":true,"href":"https:\/\/www.actualidadadiario.com\/index.php\/wp-json\/wp\/v2\/users\/3"}],"replies":[{"embeddable":true,"href":"https:\/\/www.actualidadadiario.com\/index.php\/wp-json\/wp\/v2\/comments?post=58803"}],"version-history":[{"count":1,"href":"https:\/\/www.actualidadadiario.com\/index.php\/wp-json\/wp\/v2\/posts\/58803\/revisions"}],"predecessor-version":[{"id":58805,"href":"https:\/\/www.actualidadadiario.com\/index.php\/wp-json\/wp\/v2\/posts\/58803\/revisions\/58805"}],"wp:featuredmedia":[{"embeddable":true,"href":"https:\/\/www.actualidadadiario.com\/index.php\/wp-json\/wp\/v2\/media\/58804"}],"wp:attachment":[{"href":"https:\/\/www.actualidadadiario.com\/index.php\/wp-json\/wp\/v2\/media?parent=58803"}],"wp:term":[{"taxonomy":"category","embeddable":true,"href":"https:\/\/www.actualidadadiario.com\/index.php\/wp-json\/wp\/v2\/categories?post=58803"},{"taxonomy":"post_tag","embeddable":true,"href":"https:\/\/www.actualidadadiario.com\/index.php\/wp-json\/wp\/v2\/tags?post=58803"}],"curies":[{"name":"wp","href":"https:\/\/api.w.org\/{rel}","templated":true}]}}