{"id":58800,"date":"2020-03-10T10:51:29","date_gmt":"2020-03-10T13:51:29","guid":{"rendered":"https:\/\/www.actualidadadiario.com\/?p=58800"},"modified":"2020-03-10T10:51:29","modified_gmt":"2020-03-10T13:51:29","slug":"toda-la-justicia-es-patriarcal-dijo-highton-de-nolasco","status":"publish","type":"post","link":"https:\/\/www.actualidadadiario.com\/index.php\/2020\/03\/10\/toda-la-justicia-es-patriarcal-dijo-highton-de-nolasco\/","title":{"rendered":"&#8220;Toda la Justicia es patriarcal&#8221;, dijo Highton de Nolasco"},"content":{"rendered":"<p style=\"text-align: center;\"><em><strong>La vicepresidenta de la Corte Suprema de Justicia, Elena Highton de Nolasco, asegur\u00f3 que &#8220;toda la justicia es patriarcal&#8221;. En la Corte estoy yo sola&#8221;, se\u00f1al\u00f3 la magistrada, que particip\u00f3 ayer de la inauguraci\u00f3n de una muestra fotogr\u00e1fica sobre mujeres en los tribunales federales de Comodoro Py<\/strong><\/em><\/p>\n<p>&nbsp;<\/p>\n<p>Por tratarse de una exposici\u00f3n con im\u00e1genes de mujeres amamantando, Highton se\u00f1al\u00f3: &#8220;A\u00fan hay muchos y muchas que creen que (amamantar en p\u00fablico) es casi un delito. Es muy importante que la mujer pueda amamantar&#8221;. La ministra de la Corte levant\u00f3 el perfil p\u00fablico en los \u00faltimos d\u00edas, a partir de una entrevista a la la radio Futurock, en la que se refiri\u00f3 a la reforma judicial y en la que ponder\u00f3 la acci\u00f3n del Gobierno en cuestiones relacionadas con la mujer. &#8220;Favorece mucho a la situaci\u00f3n de la mujer, del g\u00e9nero y la diversidad&#8221;, sostuvo y asegur\u00f3 que eso la &#8220;pone muy contenta y feliz&#8221;.<\/p>\n<p>Tambi\u00e9n particip\u00f3 de la muestra la jueza de la C\u00e1mara Federal de Casaci\u00f3n Penal Ana Mar\u00eda Figueroa, quien asegur\u00f3 que en la justicia existe un &#8220;techo de titanio&#8221; m\u00e1s &#8220;que un techo de cristal&#8221; para las mujeres.<\/p>\n","protected":false},"excerpt":{"rendered":"<p>La vicepresidenta de la Corte Suprema de Justicia, Elena Highton de Nolasco, asegur\u00f3 que &#8220;toda la justicia es patriarcal&#8221;. En la Corte estoy yo sola&#8221;, se\u00f1al\u00f3 la magistrada, que particip\u00f3 ayer de la inauguraci\u00f3n de una muestra fotogr\u00e1fica sobre mujeres en los tribunales federales de Comodoro Py &nbsp; Por tratarse de una exposici\u00f3n con im\u00e1genes de mujeres amamantando, Highton se\u00f1al\u00f3: &#8220;A\u00fan hay muchos y muchas que creen que (amamantar en p\u00fablico) es casi un delito. Es muy importante que la mujer pueda amamantar&#8221;. La ministra de la Corte levant\u00f3 el&#8230;<\/p>\n","protected":false},"author":3,"featured_media":58801,"comment_status":"closed","ping_status":"closed","sticky":false,"template":"","format":"standard","meta":[],"categories":[18],"tags":[],"_links":{"self":[{"href":"https:\/\/www.actualidadadiario.com\/index.php\/wp-json\/wp\/v2\/posts\/58800"}],"collection":[{"href":"https:\/\/www.actualidadadiario.com\/index.php\/wp-json\/wp\/v2\/posts"}],"about":[{"href":"https:\/\/www.actualidadadiario.com\/index.php\/wp-json\/wp\/v2\/types\/post"}],"author":[{"embeddable":true,"href":"https:\/\/www.actualidadadiario.com\/index.php\/wp-json\/wp\/v2\/users\/3"}],"replies":[{"embeddable":true,"href":"https:\/\/www.actualidadadiario.com\/index.php\/wp-json\/wp\/v2\/comments?post=58800"}],"version-history":[{"count":1,"href":"https:\/\/www.actualidadadiario.com\/index.php\/wp-json\/wp\/v2\/posts\/58800\/revisions"}],"predecessor-version":[{"id":58802,"href":"https:\/\/www.actualidadadiario.com\/index.php\/wp-json\/wp\/v2\/posts\/58800\/revisions\/58802"}],"wp:featuredmedia":[{"embeddable":true,"href":"https:\/\/www.actualidadadiario.com\/index.php\/wp-json\/wp\/v2\/media\/58801"}],"wp:attachment":[{"href":"https:\/\/www.actualidadadiario.com\/index.php\/wp-json\/wp\/v2\/media?parent=58800"}],"wp:term":[{"taxonomy":"category","embeddable":true,"href":"https:\/\/www.actualidadadiario.com\/index.php\/wp-json\/wp\/v2\/categories?post=58800"},{"taxonomy":"post_tag","embeddable":true,"href":"https:\/\/www.actualidadadiario.com\/index.php\/wp-json\/wp\/v2\/tags?post=58800"}],"curies":[{"name":"wp","href":"https:\/\/api.w.org\/{rel}","templated":true}]}}