{"id":58797,"date":"2020-03-10T10:50:46","date_gmt":"2020-03-10T13:50:46","guid":{"rendered":"https:\/\/www.actualidadadiario.com\/?p=58797"},"modified":"2020-03-10T10:50:46","modified_gmt":"2020-03-10T13:50:46","slug":"alberto-hablo-de-todo","status":"publish","type":"post","link":"https:\/\/www.actualidadadiario.com\/index.php\/2020\/03\/10\/alberto-hablo-de-todo\/","title":{"rendered":"Alberto habl\u00f3 de todo"},"content":{"rendered":"<p style=\"text-align: center;\"><em><strong>El Presidente realiz\u00f3 una evaluaci\u00f3n de su gesti\u00f3n a poco de cumplir 100 d\u00edas en el Gobierno y opin\u00f3 sobre los temas de agenda: coronavirus, paro del campo, el escrache a Mauricio Macri, el aborto, los medios y el recorte a las jubilaciones especiales<\/strong><\/em><\/p>\n<p>&nbsp;<\/p>\n<p>&nbsp;<\/p>\n<p>El Presidente de la Naci\u00f3n, Alberto Fern\u00e1ndez, destac\u00f3 la firma del decreto por el cual se autoriza a reestructurar parte de la deuda p\u00fablica por u$s68.842 millones, habl\u00f3 del coronavirus, del paro del campo, el escrache a Mauricio Macri en un avi\u00f3n, la despenalizaci\u00f3n del aborto, los medios y el recorte a las jubilaciones especiales.<\/p>\n<p>&#8220;Nos han dejado una deuda que nos condiciona mucho&#8221;, dijo Fern\u00e1ndez durante una entrevista por Canal 9, para luego agregar: &#8220;Debemos ver las limitaciones que tenemos. Cuando se produce una crisis como esta, el comercio mundial se cae y debemos ser muy cuidadosos&#8221;.<\/p>\n<p>Fern\u00e1ndez se refiri\u00f3 al decreto 250\/200 publicado este martes en el Bolet\u00edn Oficial, por el cual autoriza al ministro de Econom\u00eda, Mart\u00edn Guzm\u00e1n a efectuar la renegociaci\u00f3n con los acreedores.<\/p>\n<p>El Decreto no incluir\u00e1 los tramos de deuda contra\u00eddos con el Fondo Monetario Internacional (FMI), por unos u$s44.000 millones. Pero si incluye bonos emitidos por legislaci\u00f3n extranjera de Nueva York, Londres y Tokio.<\/p>\n<p>&#8220;La sustentabilidad de la deuda es un objetivo macroecon\u00f3mico relevante que requiere la construcci\u00f3n de un perfil de vencimientos y de tasas de colocaci\u00f3n de deuda sostenibles en el tiempo y compatibles con el sendero de equilibrio fiscal y de consistencia del resto de las variables econ\u00f3micas&#8221;, se\u00f1al\u00f3 Econom\u00eda d\u00edas atr\u00e1s en un comunicado.<\/p>\n<p>Seg\u00fan el cronograma oficial, la definici\u00f3n de la estructura final de la oferta concluye esta semana y su lanzamiento deber\u00eda ser efectuado en los pr\u00f3ximos d\u00edas. Al respecto, fuentes de la cartera de Econom\u00eda aseguraron d\u00edas atr\u00e1s que ser\u00e1 una &#8220;propuesta fuerte&#8221; y con &#8220;posibilidad cierta de imponerse&#8221;.<\/p>\n<p>&nbsp;<\/p>\n<p><strong>Escrache a Macri en un avi\u00f3n<\/strong><\/p>\n<p>Fern\u00e1ndez critic\u00f3 el escrache que una persona le hizo a Mauricio Macri en un avi\u00f3n recientemente. &#8220;Soy un cr\u00edtico de Macri, quiz\u00e1s mucho m\u00e1s que el que hizo eso, pero es tan horrible como lo que le hicieron a Axel&#8221; Kicillof en un viaje en Buquebus a\u00f1os atr\u00e1s. &#8220;Eso no se hace&#8221;, advirti\u00f3 el mandatario.<\/p>\n<p>&nbsp;<\/p>\n<p><strong>Coronavirus<\/strong><\/p>\n<p>&#8220;Por ahora el dengue&#8221; es m\u00e1s grave que el coronavirus, se\u00f1al\u00f3 Fern\u00e1ndez. El Presidente que el dengue &#8221; tiene una incidencia m\u00e1s grave\u201d para la Argentina que el coronavirus, aunque aclar\u00f3 que &#8220;la situaci\u00f3n est\u00e1 controlada&#8221;. Tambi\u00e9n sostuvo que en el Gobierno cre\u00edan que el coronavirus &#8220;iba a demorar en llegar&#8221; al pa\u00eds por el calor.<\/p>\n<p>&nbsp;<\/p>\n<p><strong>Paro del campo<\/strong><\/p>\n<p>Fern\u00e1ndez consider\u00f3 que el cese de comercializaci\u00f3n de cuatro d\u00edas dispuesto por la Mesa de Enlace es para &#8220;beneficio de los mayores productores de soja&#8221;, al tiempo que reiter\u00f3 que su gobierno quiere pagar la deuda externa pero &#8220;no a costa de los que peor est\u00e1n&#8221;.<\/p>\n<p>&#8220;Ahora hicimos todo lo contrario a la 125 -enfatiz\u00f3-: primero cumplimos con una ley, estamos afectando en 3% a los que producen m\u00e1s de mil toneladas de soja. Han bajado las retenciones a las econom\u00edas regionales, que estaban postergando a muchas zonas del pa\u00eds&#8221;, a\u00f1adi\u00f3. Al respecto, el Presidente se pregunt\u00f3: &#8220;\u00bfQu\u00e9 estamos defendiendo con este paro? A los grandes productores&#8221;.<\/p>\n<p>&#8220;Espero que entiendan porque ellos tambi\u00e9n hacen falta para el desarrollo del pa\u00eds&#8221;, indic\u00f3. En esa l\u00ednea, el mandatario afirm\u00f3 que &#8220;hay gente que la est\u00e1 pasando muy mal, y eso es lo que hay que entender. Estoy pidiendo ayuda para poder sostener, por ejemplo, el Plan Contra el Hambre&#8221;.<\/p>\n<p>&nbsp;<\/p>\n<p><strong>Despenalizaci\u00f3n del aborto<\/strong><\/p>\n<p>Fern\u00e1ndez afirm\u00f3 que el proyecto de ley de Interrupci\u00f3n Voluntaria del Embarazo, que se enviar\u00eda esta semana al Congreso, &#8220;no es volver obligatorio el aborto&#8221; y sostuvo que &#8220;respeta&#8221; las diversas posturas al respecto.<\/p>\n<p>En ese marco, aclar\u00f3 que no trat\u00f3 de &#8220;hip\u00f3crita&#8221; a la Iglesia cat\u00f3lica por el tema del aborto, que sabe c\u00f3mo piensa y la respeta. Tras destacar el trabajo de los llamados &#8220;curas villeros&#8221;, el mandatario aclar\u00f3 que cuando dijo &#8220;hipocres\u00eda&#8221; en su discurso ante la Asamblea Legislativa al hablar del aborto se refer\u00eda a quienes creen que est\u00e1 bien la ley, pero que aconsejan que &#8220;no conviene hacerlo por cuestiones pol\u00edticas&#8221;.<\/p>\n<p>&nbsp;<\/p>\n<p><strong>Medios de comunicaci\u00f3n<\/strong><\/p>\n<p>Fern\u00e1ndez asegur\u00f3 que para \u00e9l los medios period\u00edsticos &#8220;son empresas&#8221;, que &#8220;funcionan seg\u00fan sus propios intereses&#8221; y que los lectores tienen que saber &#8220;qui\u00e9n est\u00e1 atr\u00e1s&#8221;, al tiempo que afirm\u00f3 que &#8220;si la gente creyera lo que muchos medios dicen de nosotros, no estar\u00edamos ac\u00e1 y no tendr\u00edamos el nivel de adhesi\u00f3n que tenemos&#8221;.<\/p>\n<p>&nbsp;<\/p>\n<p><strong>Recorte de jubilaciones especiales<\/strong><\/p>\n<p>Fern\u00e1ndez confi\u00f3 en que el pr\u00f3ximo jueves el Senado Nacional convierta en ley la reforma del r\u00e9gimen especial de jubilaciones del Poder Judicial y el servicio exterior, ya aprobada por la C\u00e1mara de Diputados. &#8220;Ning\u00fan juez est\u00e1 obligado a jubilarse&#8221;, sino que se trata solamente de &#8220;poner un poquito de orden&#8221;, advirti\u00f3.<\/p>\n<p>El primer mandatario sostuvo que &#8220;no voy a tener un Comodoro Py&#8221;, en referencia a que no habr\u00e1 jueces adictos al gobierno, al tiempo que confirm\u00f3 el decreto para la designaci\u00f3n del juez federal Daniel Rafecas como Procurador General de la Naci\u00f3n.<\/p>\n","protected":false},"excerpt":{"rendered":"<p>El Presidente realiz\u00f3 una evaluaci\u00f3n de su gesti\u00f3n a poco de cumplir 100 d\u00edas en el Gobierno y opin\u00f3 sobre los temas de agenda: coronavirus, paro del campo, el escrache a Mauricio Macri, el aborto, los medios y el recorte a las jubilaciones especiales &nbsp; &nbsp; El Presidente de la Naci\u00f3n, Alberto Fern\u00e1ndez, destac\u00f3 la firma del decreto por el cual se autoriza a reestructurar parte de la deuda p\u00fablica por u$s68.842 millones, habl\u00f3 del coronavirus, del paro del campo, el escrache a Mauricio Macri en un avi\u00f3n, la despenalizaci\u00f3n&#8230;<\/p>\n","protected":false},"author":3,"featured_media":58798,"comment_status":"closed","ping_status":"closed","sticky":false,"template":"","format":"standard","meta":[],"categories":[9],"tags":[],"_links":{"self":[{"href":"https:\/\/www.actualidadadiario.com\/index.php\/wp-json\/wp\/v2\/posts\/58797"}],"collection":[{"href":"https:\/\/www.actualidadadiario.com\/index.php\/wp-json\/wp\/v2\/posts"}],"about":[{"href":"https:\/\/www.actualidadadiario.com\/index.php\/wp-json\/wp\/v2\/types\/post"}],"author":[{"embeddable":true,"href":"https:\/\/www.actualidadadiario.com\/index.php\/wp-json\/wp\/v2\/users\/3"}],"replies":[{"embeddable":true,"href":"https:\/\/www.actualidadadiario.com\/index.php\/wp-json\/wp\/v2\/comments?post=58797"}],"version-history":[{"count":1,"href":"https:\/\/www.actualidadadiario.com\/index.php\/wp-json\/wp\/v2\/posts\/58797\/revisions"}],"predecessor-version":[{"id":58799,"href":"https:\/\/www.actualidadadiario.com\/index.php\/wp-json\/wp\/v2\/posts\/58797\/revisions\/58799"}],"wp:featuredmedia":[{"embeddable":true,"href":"https:\/\/www.actualidadadiario.com\/index.php\/wp-json\/wp\/v2\/media\/58798"}],"wp:attachment":[{"href":"https:\/\/www.actualidadadiario.com\/index.php\/wp-json\/wp\/v2\/media?parent=58797"}],"wp:term":[{"taxonomy":"category","embeddable":true,"href":"https:\/\/www.actualidadadiario.com\/index.php\/wp-json\/wp\/v2\/categories?post=58797"},{"taxonomy":"post_tag","embeddable":true,"href":"https:\/\/www.actualidadadiario.com\/index.php\/wp-json\/wp\/v2\/tags?post=58797"}],"curies":[{"name":"wp","href":"https:\/\/api.w.org\/{rel}","templated":true}]}}