{"id":58785,"date":"2020-03-10T10:47:29","date_gmt":"2020-03-10T13:47:29","guid":{"rendered":"https:\/\/www.actualidadadiario.com\/?p=58785"},"modified":"2020-03-10T10:47:29","modified_gmt":"2020-03-10T13:47:29","slug":"el-gobierno-convoca-a-las-petroleras","status":"publish","type":"post","link":"https:\/\/www.actualidadadiario.com\/index.php\/2020\/03\/10\/el-gobierno-convoca-a-las-petroleras\/","title":{"rendered":"El gobierno convoca a las petroleras"},"content":{"rendered":"<p style=\"text-align: center;\"><em><strong>La preocupaci\u00f3n principal es que los menores precios impacten de lleno en Vaca Muerta y se multipliquen los despidos. \u201cEstamos evaluando mecanismos para proteger el trabajo de los argentinos\u201d, aseguraron desde el gobierno<\/strong><\/em><\/p>\n<p>&nbsp;<\/p>\n<p>&nbsp;<\/p>\n<p>A ra\u00edz del derrumbe que registr\u00f3 el precio del petr\u00f3leo, el ministro de Desarrollo Productivo, Mat\u00edas Kulfas, se reuni\u00f3 este lunes al mediod\u00eda con el presidente de YPF, Guilermo Nielsen, para analizar la situaci\u00f3n, y en breve convocar\u00e1 a los representantes del resto de las petroleras. La preocupaci\u00f3n principal es que los menores precios impacten de lleno en la actividad de Vaca Muerta y se multipliquen los despidos. \u201cEstamos evaluando mecanismos para proteger el trabajo de los argentinos\u201d, aseguraron fuentes oficiales. Mientras tanto, desde las petroleras prefirieron la cautela y se limitaron a decir que no habr\u00e1 cambios en el surtidor hasta que no se llegue a un acuerdo sobre c\u00f3mo seguir.<\/p>\n<p>El mes pasado, cuando el precio del crudo ya hab\u00eda comenzado a bajar, representantes de algunas de las principales petroleras le solicitaron al gobierno que baje las retenciones al crudo e implemente un barril criollo con un precio de referencia de 55 d\u00f3lares. Desde el gobierno, prefirieron por ahora no adelantar ninguna medida. Luego las fuentes oficiales fueron un poco m\u00e1s all\u00e1 al afirmar que \u201cno estamos pensando en un barril criollo\u201d, pero antes de tomar una decisi\u00f3n van a esperar para ver c\u00f3mo evoluciona la situaci\u00f3n internacional.<\/p>\n<p>Otro de los temas clave es c\u00f3mo evolucionar\u00e1 el precio de los combustibles en los surtidores. Con una baja tan pronunciada del precio del barril de petr\u00f3leo (a las 18 horas de este lunes el precio del Brent ca\u00eda 24 por ciento hasta los 34,37 d\u00f3lares) y el tipo de cambio estable, una consecuencia l\u00f3gica ser\u00eda que los precios comiencen a bajar, sobre todo en un mercado desregulado como es el argentino. Sin embargo, en los \u00faltimos meses esa desregulaci\u00f3n ha sido solo formal porque cuando las petroleras reclamaban una suba de los precios el propio presidente de la Naci\u00f3n, Alberto Fern\u00e1ndez, freno el ajuste que ten\u00eda previsto implementar YPF, que controla m\u00e1s del 50 por ciento del mercado, y forz\u00f3 al resto de sus jugadores a seguir sus pasos. A ra\u00edz de esto, es dif\u00edcil pensar que las petroleras resuelvan individualmente los pasos a seguir sin antes alcanzar alg\u00fan tipo de acuerdo con el gobierno.<\/p>\n","protected":false},"excerpt":{"rendered":"<p>La preocupaci\u00f3n principal es que los menores precios impacten de lleno en Vaca Muerta y se multipliquen los despidos. \u201cEstamos evaluando mecanismos para proteger el trabajo de los argentinos\u201d, aseguraron desde el gobierno &nbsp; &nbsp; A ra\u00edz del derrumbe que registr\u00f3 el precio del petr\u00f3leo, el ministro de Desarrollo Productivo, Mat\u00edas Kulfas, se reuni\u00f3 este lunes al mediod\u00eda con el presidente de YPF, Guilermo Nielsen, para analizar la situaci\u00f3n, y en breve convocar\u00e1 a los representantes del resto de las petroleras. La preocupaci\u00f3n principal es que los menores precios impacten&#8230;<\/p>\n","protected":false},"author":3,"featured_media":58786,"comment_status":"closed","ping_status":"closed","sticky":false,"template":"","format":"standard","meta":[],"categories":[2],"tags":[],"_links":{"self":[{"href":"https:\/\/www.actualidadadiario.com\/index.php\/wp-json\/wp\/v2\/posts\/58785"}],"collection":[{"href":"https:\/\/www.actualidadadiario.com\/index.php\/wp-json\/wp\/v2\/posts"}],"about":[{"href":"https:\/\/www.actualidadadiario.com\/index.php\/wp-json\/wp\/v2\/types\/post"}],"author":[{"embeddable":true,"href":"https:\/\/www.actualidadadiario.com\/index.php\/wp-json\/wp\/v2\/users\/3"}],"replies":[{"embeddable":true,"href":"https:\/\/www.actualidadadiario.com\/index.php\/wp-json\/wp\/v2\/comments?post=58785"}],"version-history":[{"count":1,"href":"https:\/\/www.actualidadadiario.com\/index.php\/wp-json\/wp\/v2\/posts\/58785\/revisions"}],"predecessor-version":[{"id":58787,"href":"https:\/\/www.actualidadadiario.com\/index.php\/wp-json\/wp\/v2\/posts\/58785\/revisions\/58787"}],"wp:featuredmedia":[{"embeddable":true,"href":"https:\/\/www.actualidadadiario.com\/index.php\/wp-json\/wp\/v2\/media\/58786"}],"wp:attachment":[{"href":"https:\/\/www.actualidadadiario.com\/index.php\/wp-json\/wp\/v2\/media?parent=58785"}],"wp:term":[{"taxonomy":"category","embeddable":true,"href":"https:\/\/www.actualidadadiario.com\/index.php\/wp-json\/wp\/v2\/categories?post=58785"},{"taxonomy":"post_tag","embeddable":true,"href":"https:\/\/www.actualidadadiario.com\/index.php\/wp-json\/wp\/v2\/tags?post=58785"}],"curies":[{"name":"wp","href":"https:\/\/api.w.org\/{rel}","templated":true}]}}