{"id":58776,"date":"2020-03-10T10:45:11","date_gmt":"2020-03-10T13:45:11","guid":{"rendered":"https:\/\/www.actualidadadiario.com\/?p=58776"},"modified":"2020-03-10T10:45:11","modified_gmt":"2020-03-10T13:45:11","slug":"diagnostico-de-una-leve-mejoria-en-el-empleo-para-el-segundo-trimestre-del-ano","status":"publish","type":"post","link":"https:\/\/www.actualidadadiario.com\/index.php\/2020\/03\/10\/diagnostico-de-una-leve-mejoria-en-el-empleo-para-el-segundo-trimestre-del-ano\/","title":{"rendered":"Diagn\u00f3stico de una leve mejor\u00eda en el empleo para el segundo trimestre del a\u00f1o"},"content":{"rendered":"<p style=\"text-align: center;\"><em><strong>Antes del segundo semestre el empleo experimentar\u00e1 signos vitales, vaticin\u00f3 la encuesta que realiza sobre 800 empleadores el ManpowerGroup (MPG). En efecto, de abril a junio y en paralelo a las medidas anticrisis que activ\u00f3 el Gobierno, la expectativa neta de empleo (ENE) es del 3%<\/strong><\/em><\/p>\n<p>&nbsp;<\/p>\n<p>Dos puntos por encima de los \u00faltimos 3 meses y 3% en la comparaci\u00f3n interanual. &#8220;Observamos una leve mejor\u00eda en las expectativas del mercado laboral para el segundo trimestre escenario que no se planteaba desde el tercer trimestre de 2018&#8221;, explic\u00f3 Luis Guastini director general de MPG.<\/p>\n<p>Vale mencionar que en un an\u00e1lisis de coyuntura el Observatorio Social de la CTA Aut\u00f3noma ponder\u00f3 que los registros de 2019 &#8220;ser\u00edan dif\u00edciles de igualar&#8221; en cuanto a la baja sensible y uniforme del trabajo en el pa\u00eds. La \u00faltima estad\u00edstica oficial sobre n\u00fameros de diciembre pasado son m\u00e1s que elocuentes al respecto. Para la encuesta del MPG sobre sectores espec\u00edficos, en 6 rubros los empleadores prev\u00e9n incrementar sus dotaciones de personal. Construcci\u00f3n lidera ese rango con un 12%, seguido de Finanzas, Seguros y Bienes Ra\u00edces con el 6%, en tanto que Manufacturas y Servicios llegan al 4%. Respecto a Construcci\u00f3n el incremento no queda s\u00f3lo en esa esfera sino que por su condici\u00f3n de &#8220;industria de industrias&#8221; determina impulsos colaterales como tambi\u00e9n empleo no registrado y la din\u00e1mica de &#8220;changas&#8221; que inciden tambi\u00e9n en zonas de alivio en cuanto a consumo.<\/p>\n<p>Administraci\u00f3n P\u00fablica\/Educaci\u00f3n llegan al 3%, Miner\u00eda y otras extracciones al 1% de incremento mientras que con reporte de &#8220;intenci\u00f3n de contrataci\u00f3n nula&#8221; para el segundo trimestre se consign\u00f3 a Agricultura\/Pesca, Transportes y Comercio (mayorista y minorista). Guastini acot\u00f3 que para la \u00faltima encuesta se aprecian &#8220;percepciones bastante uniformes&#8221; y ponder\u00f3 la incidencia positiva de Construcci\u00f3n para la leve mejor\u00eda revelada en la medici\u00f3n.<\/p>\n<p>El MPG define su indicador a partir de tomar el porcentaje de empresas que espera incrementar sus planteles de trabajadores, rest\u00e1ndole a aquellas compa\u00f1\u00edas que prev\u00e9n una disminuci\u00f3n de personal en el mismo per\u00edodo de tiempo.<\/p>\n<p>&nbsp;<\/p>\n<p><strong>Geograf\u00eda y datos<\/strong><\/p>\n<p>La gama federal de los registros m\u00e1s elevados para empleo a corto plazo realz\u00f3 a Cuyo con el 4%, seguida por el \u00c1rea Metropolitana (AMBA), el NEA, Regi\u00f3n Pampeana y Patagonia todas estas con un 3%. En cuanto a contracara y en registro negativo el informe ponder\u00f3 al NOA con \u00fb3%. Guastini grafic\u00f3 que la zona cuyana como el NEA ofrecen para estos meses la incidencia positiva de todo relacionado a econom\u00edas regionales vinculado a la vid y la producci\u00f3n de c\u00edtricos.<\/p>\n<p>A la hora de hacer foco en Am\u00e9rica, 9 de los 10 pa\u00edses del continente estudiados poseen una ENE positiva. All\u00ed con cuasi pleno empleo Estados Unidos lleg\u00f3 al 19% y Brasil al 14%. El lado oscuro del trabajo americano se sita en Panam\u00e1 que report\u00f3 &#8220;expectativas nulas&#8221; y el peor registro continental. Y si de globalizaci\u00f3n se trata, la mensura de la ENE tampoco desestima la incidencia de &#8220;nuevas formas de relaci\u00f3n laboral y empleo&#8221; como el monotributo, sobre todo en Argentina, cuya poblaci\u00f3n alcanz\u00f3 en 2019 al 4,3% del empleo tal consignaron la cartera laboral nacional y la AFIP.<\/p>\n","protected":false},"excerpt":{"rendered":"<p>Antes del segundo semestre el empleo experimentar\u00e1 signos vitales, vaticin\u00f3 la encuesta que realiza sobre 800 empleadores el ManpowerGroup (MPG). En efecto, de abril a junio y en paralelo a las medidas anticrisis que activ\u00f3 el Gobierno, la expectativa neta de empleo (ENE) es del 3% &nbsp; Dos puntos por encima de los \u00faltimos 3 meses y 3% en la comparaci\u00f3n interanual. &#8220;Observamos una leve mejor\u00eda en las expectativas del mercado laboral para el segundo trimestre escenario que no se planteaba desde el tercer trimestre de 2018&#8221;, explic\u00f3 Luis Guastini&#8230;<\/p>\n","protected":false},"author":3,"featured_media":58777,"comment_status":"closed","ping_status":"closed","sticky":false,"template":"","format":"standard","meta":[],"categories":[2],"tags":[],"_links":{"self":[{"href":"https:\/\/www.actualidadadiario.com\/index.php\/wp-json\/wp\/v2\/posts\/58776"}],"collection":[{"href":"https:\/\/www.actualidadadiario.com\/index.php\/wp-json\/wp\/v2\/posts"}],"about":[{"href":"https:\/\/www.actualidadadiario.com\/index.php\/wp-json\/wp\/v2\/types\/post"}],"author":[{"embeddable":true,"href":"https:\/\/www.actualidadadiario.com\/index.php\/wp-json\/wp\/v2\/users\/3"}],"replies":[{"embeddable":true,"href":"https:\/\/www.actualidadadiario.com\/index.php\/wp-json\/wp\/v2\/comments?post=58776"}],"version-history":[{"count":1,"href":"https:\/\/www.actualidadadiario.com\/index.php\/wp-json\/wp\/v2\/posts\/58776\/revisions"}],"predecessor-version":[{"id":58778,"href":"https:\/\/www.actualidadadiario.com\/index.php\/wp-json\/wp\/v2\/posts\/58776\/revisions\/58778"}],"wp:featuredmedia":[{"embeddable":true,"href":"https:\/\/www.actualidadadiario.com\/index.php\/wp-json\/wp\/v2\/media\/58777"}],"wp:attachment":[{"href":"https:\/\/www.actualidadadiario.com\/index.php\/wp-json\/wp\/v2\/media?parent=58776"}],"wp:term":[{"taxonomy":"category","embeddable":true,"href":"https:\/\/www.actualidadadiario.com\/index.php\/wp-json\/wp\/v2\/categories?post=58776"},{"taxonomy":"post_tag","embeddable":true,"href":"https:\/\/www.actualidadadiario.com\/index.php\/wp-json\/wp\/v2\/tags?post=58776"}],"curies":[{"name":"wp","href":"https:\/\/api.w.org\/{rel}","templated":true}]}}