{"id":58771,"date":"2020-03-10T10:43:32","date_gmt":"2020-03-10T13:43:32","guid":{"rendered":"https:\/\/www.actualidadadiario.com\/?p=58771"},"modified":"2020-03-10T10:43:32","modified_gmt":"2020-03-10T13:43:32","slug":"agmer-realiza-asambleas-en-las-escuelas-de-cara-al-congreso-de-este-miercoles","status":"publish","type":"post","link":"https:\/\/www.actualidadadiario.com\/index.php\/2020\/03\/10\/agmer-realiza-asambleas-en-las-escuelas-de-cara-al-congreso-de-este-miercoles\/","title":{"rendered":"Agmer realiza asambleas en las escuelas de cara al congreso de este mi\u00e9rcoles"},"content":{"rendered":"<p style=\"text-align: center;\"><em><strong>La Asociaci\u00f3n Gremial del Magisterio de Entre R\u00edos (Agmer) realiza asambleas de dos horas por turno en los establecimientos educativos de la provincia. Las asambleas arrancaron el viernes y el objetivo es definir los pasos a seguir en el marco de las negociaciones salariales con el gobierno<\/strong><\/em><\/p>\n<p>&nbsp;<\/p>\n<p>&nbsp;<\/p>\n<p>Las asambleas, que arrancaron el viernes en las escuelas nocturnas y contin\u00faan este martes, son de dos horas por turno y el objetivo es analizar la negociaci\u00f3n salarial entre el Gobierno provincial y el gremio.<\/p>\n<p>Por la tarde cada seccional llevar\u00e1 a cabo su asamblea resolutiva y la definici\u00f3n final del gremio ser\u00e1 tomada ma\u00f1ana en el congreso provincial que tendr\u00e1 lugar este mi\u00e9rcoles en San Salvador.<\/p>\n<p>Cabe destacar que en la paritaria del viernes \u00faltimo el Gobierno plante\u00f3 evaluar, en el primer trimestre del a\u00f1o, distintas variables econ\u00f3micas y de inflaci\u00f3n para luego realizar una oferta que \u201ccontemple las variables anunciadas, que sea arm\u00f3nica con el sostenimiento de las cuentas fiscales y el presupuesto provincial y cuyo cumplimiento pueda garantizarse\u201d.<\/p>\n<p>Los representantes de Agmer, ante el planteo de la patronal, sostuvieron que lo expresado \u201cno constituye una propuesta salarial\u201d y reafirmaron las demandas del Plenario de Secretarios Generales y del Congreso de la entidad, que fueron expresadas en las audiencias previas con representantes del gobierno provincial: una pauta salarial que permita recuperar lo perdido en los \u00faltimos a\u00f1os y que nos garantice \u2013adem\u00e1s- estar por encima de la inflaci\u00f3n en este a\u00f1o.<\/p>\n<p>Se reclam\u00f3, del mismo modo, la actualizaci\u00f3n del C\u00f3digo 029 y la equiparaci\u00f3n del adicional de los cargos directivos de primaria con los de secundaria.<\/p>\n","protected":false},"excerpt":{"rendered":"<p>La Asociaci\u00f3n Gremial del Magisterio de Entre R\u00edos (Agmer) realiza asambleas de dos horas por turno en los establecimientos educativos de la provincia. Las asambleas arrancaron el viernes y el objetivo es definir los pasos a seguir en el marco de las negociaciones salariales con el gobierno &nbsp; &nbsp; Las asambleas, que arrancaron el viernes en las escuelas nocturnas y contin\u00faan este martes, son de dos horas por turno y el objetivo es analizar la negociaci\u00f3n salarial entre el Gobierno provincial y el gremio. Por la tarde cada seccional llevar\u00e1&#8230;<\/p>\n","protected":false},"author":3,"featured_media":23594,"comment_status":"closed","ping_status":"closed","sticky":false,"template":"","format":"standard","meta":[],"categories":[15],"tags":[],"_links":{"self":[{"href":"https:\/\/www.actualidadadiario.com\/index.php\/wp-json\/wp\/v2\/posts\/58771"}],"collection":[{"href":"https:\/\/www.actualidadadiario.com\/index.php\/wp-json\/wp\/v2\/posts"}],"about":[{"href":"https:\/\/www.actualidadadiario.com\/index.php\/wp-json\/wp\/v2\/types\/post"}],"author":[{"embeddable":true,"href":"https:\/\/www.actualidadadiario.com\/index.php\/wp-json\/wp\/v2\/users\/3"}],"replies":[{"embeddable":true,"href":"https:\/\/www.actualidadadiario.com\/index.php\/wp-json\/wp\/v2\/comments?post=58771"}],"version-history":[{"count":1,"href":"https:\/\/www.actualidadadiario.com\/index.php\/wp-json\/wp\/v2\/posts\/58771\/revisions"}],"predecessor-version":[{"id":58772,"href":"https:\/\/www.actualidadadiario.com\/index.php\/wp-json\/wp\/v2\/posts\/58771\/revisions\/58772"}],"wp:featuredmedia":[{"embeddable":true,"href":"https:\/\/www.actualidadadiario.com\/index.php\/wp-json\/wp\/v2\/media\/23594"}],"wp:attachment":[{"href":"https:\/\/www.actualidadadiario.com\/index.php\/wp-json\/wp\/v2\/media?parent=58771"}],"wp:term":[{"taxonomy":"category","embeddable":true,"href":"https:\/\/www.actualidadadiario.com\/index.php\/wp-json\/wp\/v2\/categories?post=58771"},{"taxonomy":"post_tag","embeddable":true,"href":"https:\/\/www.actualidadadiario.com\/index.php\/wp-json\/wp\/v2\/tags?post=58771"}],"curies":[{"name":"wp","href":"https:\/\/api.w.org\/{rel}","templated":true}]}}