{"id":58768,"date":"2020-03-10T10:42:48","date_gmt":"2020-03-10T13:42:48","guid":{"rendered":"https:\/\/www.actualidadadiario.com\/?p=58768"},"modified":"2020-03-10T10:42:48","modified_gmt":"2020-03-10T13:42:48","slug":"un-funcionario-lesionado-y-un-interno-con-un-escopetazo-el-saldo-de-incidentes-en-el-penal-de-gualeguaychu","status":"publish","type":"post","link":"https:\/\/www.actualidadadiario.com\/index.php\/2020\/03\/10\/un-funcionario-lesionado-y-un-interno-con-un-escopetazo-el-saldo-de-incidentes-en-el-penal-de-gualeguaychu\/","title":{"rendered":"Un funcionario lesionado y un interno con un escopetazo el saldo de incidentes en el Penal de Gualeguaych\u00fa"},"content":{"rendered":"<p style=\"text-align: center;\"><em><strong>En la Unidad Penal 2 de Gualeguaych\u00fa se produjeron serios incidentes, arrojando el saldo de un penitenciario lesionado con una faca y un interno en estado reservado, debido al impacto de una bala de goma<\/strong><\/em><\/p>\n<p>&nbsp;<\/p>\n<p>&nbsp;<\/p>\n<p>Serios incidentes se produjeron en la Unidad Penal 2 de Gualeguaych\u00fa, a partir de algunos hechos que se generaron en el pabell\u00f3n n\u00famero 6 por lo que debi\u00f3 ingresar personal de guardia para neutralizar a los revoltosos.<\/p>\n<p>Con escudos y escopetas accedieron al lugar recibiendo el impacto de una faca un funcionario del Servicio Penitenciario por lo que debi\u00f3 ser asistido.<\/p>\n<p>Tambi\u00e9n en el pabell\u00f3n 1 comenz\u00f3 el movimiento de los internos por lo que uno de ellos se retira del mismo, argumentando que ten\u00eda problemas de convivencia y que deb\u00eda dejar este lugar.<\/p>\n<p>En ese momento\u00a0 saca desde un colch\u00f3n doblado,\u00a0 un palo con una faca en la punta desafiando a los funcionarios que se encontraban de guardia.<\/p>\n<p>All\u00ed es que se arrojan balas antitumulto desde las escopetas de los penitenciarios,\u00a0 impactando en el cuerpo de este recluso por lo que se lo traslad\u00f3 al Hospital Centenario en estado reservado y con custodia permanente.<\/p>\n<p>Debido a todo lo sucedido es que se decidi\u00f3 anticipar el cierre del penal que normalmente es a la medianoche,\u00a0 por lo que los funcionarios con escudos y armas realizaron el recuento de internos en los pabellones.<\/p>\n<p>Es muy posible que las pr\u00f3ximas horas puedan producirse traslados luego de los hechos ocurridos en la UP2, public\u00f3 Maximaonline.<\/p>\n","protected":false},"excerpt":{"rendered":"<p>En la Unidad Penal 2 de Gualeguaych\u00fa se produjeron serios incidentes, arrojando el saldo de un penitenciario lesionado con una faca y un interno en estado reservado, debido al impacto de una bala de goma &nbsp; &nbsp; Serios incidentes se produjeron en la Unidad Penal 2 de Gualeguaych\u00fa, a partir de algunos hechos que se generaron en el pabell\u00f3n n\u00famero 6 por lo que debi\u00f3 ingresar personal de guardia para neutralizar a los revoltosos. Con escudos y escopetas accedieron al lugar recibiendo el impacto de una faca un funcionario del&#8230;<\/p>\n","protected":false},"author":3,"featured_media":58769,"comment_status":"closed","ping_status":"closed","sticky":false,"template":"","format":"standard","meta":[],"categories":[15],"tags":[],"_links":{"self":[{"href":"https:\/\/www.actualidadadiario.com\/index.php\/wp-json\/wp\/v2\/posts\/58768"}],"collection":[{"href":"https:\/\/www.actualidadadiario.com\/index.php\/wp-json\/wp\/v2\/posts"}],"about":[{"href":"https:\/\/www.actualidadadiario.com\/index.php\/wp-json\/wp\/v2\/types\/post"}],"author":[{"embeddable":true,"href":"https:\/\/www.actualidadadiario.com\/index.php\/wp-json\/wp\/v2\/users\/3"}],"replies":[{"embeddable":true,"href":"https:\/\/www.actualidadadiario.com\/index.php\/wp-json\/wp\/v2\/comments?post=58768"}],"version-history":[{"count":1,"href":"https:\/\/www.actualidadadiario.com\/index.php\/wp-json\/wp\/v2\/posts\/58768\/revisions"}],"predecessor-version":[{"id":58770,"href":"https:\/\/www.actualidadadiario.com\/index.php\/wp-json\/wp\/v2\/posts\/58768\/revisions\/58770"}],"wp:featuredmedia":[{"embeddable":true,"href":"https:\/\/www.actualidadadiario.com\/index.php\/wp-json\/wp\/v2\/media\/58769"}],"wp:attachment":[{"href":"https:\/\/www.actualidadadiario.com\/index.php\/wp-json\/wp\/v2\/media?parent=58768"}],"wp:term":[{"taxonomy":"category","embeddable":true,"href":"https:\/\/www.actualidadadiario.com\/index.php\/wp-json\/wp\/v2\/categories?post=58768"},{"taxonomy":"post_tag","embeddable":true,"href":"https:\/\/www.actualidadadiario.com\/index.php\/wp-json\/wp\/v2\/tags?post=58768"}],"curies":[{"name":"wp","href":"https:\/\/api.w.org\/{rel}","templated":true}]}}