{"id":58760,"date":"2020-03-10T10:36:29","date_gmt":"2020-03-10T13:36:29","guid":{"rendered":"https:\/\/www.actualidadadiario.com\/?p=58760"},"modified":"2020-03-10T10:36:29","modified_gmt":"2020-03-10T13:36:29","slug":"sortearan-16-nuevas-viviendas-para-federal-ejecutadas-con-recursos-provinciales","status":"publish","type":"post","link":"https:\/\/www.actualidadadiario.com\/index.php\/2020\/03\/10\/sortearan-16-nuevas-viviendas-para-federal-ejecutadas-con-recursos-provinciales\/","title":{"rendered":"Sortear\u00e1n 16 nuevas viviendas para Federal ejecutadas con recursos provinciales"},"content":{"rendered":"<p style=\"text-align: center;\"><em><strong>En el marco del programa de viviendas Primero tu Casa, la provincia realizar\u00e1 el sorteo de 16 nuevas unidades habitacionales que el organismo construye en la localidad de Federal, financiadas \u00edntegramente con recursos propios. Es a trav\u00e9s del Instituto Aut\u00e1rquico de Planeamiento y Vivienda<\/strong><\/em><\/p>\n<p>&nbsp;<\/p>\n<p>&nbsp;<\/p>\n<p>La ceremonia se efectuar\u00e1 el martes 17 de marzo, a las 10, en la sede del organismo provincial, ubicado en Laprida 351 de Paran\u00e1. Estar\u00e1 encabezada por el titular, Marcelo Bisogni; ser\u00e1 fiscalizada por la Escriban\u00eda Mayor de Gobierno y transmitida por internet.<\/p>\n<p>Los vecinos de esta localidad que deseen participar de dicho sorteo, tienen tiempo hasta las 21 horas del jueves 12 de marzo para inscribirse a trav\u00e9s del Registro de Demanda Habitacional, haciendo clic en el siguiente enlace https:\/\/www.iapv.gov.ar\/sistemas\/inscripciones\/.<\/p>\n<p>Entre el viernes 13 y el lunes 16 de marzo se expondr\u00e1n los padrones en la p\u00e1gina web del IAPV, con el fin de corregir posibles errores que surgieran en el mismo, cuyo sorteo se realizar\u00e1 el martes 17, a las 10, y ser\u00e1 fiscalizado por la Escriban\u00eda Mayor de Gobierno y transmitida por internet.<\/p>\n","protected":false},"excerpt":{"rendered":"<p>En el marco del programa de viviendas Primero tu Casa, la provincia realizar\u00e1 el sorteo de 16 nuevas unidades habitacionales que el organismo construye en la localidad de Federal, financiadas \u00edntegramente con recursos propios. Es a trav\u00e9s del Instituto Aut\u00e1rquico de Planeamiento y Vivienda &nbsp; &nbsp; La ceremonia se efectuar\u00e1 el martes 17 de marzo, a las 10, en la sede del organismo provincial, ubicado en Laprida 351 de Paran\u00e1. Estar\u00e1 encabezada por el titular, Marcelo Bisogni; ser\u00e1 fiscalizada por la Escriban\u00eda Mayor de Gobierno y transmitida por internet. Los&#8230;<\/p>\n","protected":false},"author":3,"featured_media":51330,"comment_status":"closed","ping_status":"closed","sticky":false,"template":"","format":"standard","meta":[],"categories":[15],"tags":[],"_links":{"self":[{"href":"https:\/\/www.actualidadadiario.com\/index.php\/wp-json\/wp\/v2\/posts\/58760"}],"collection":[{"href":"https:\/\/www.actualidadadiario.com\/index.php\/wp-json\/wp\/v2\/posts"}],"about":[{"href":"https:\/\/www.actualidadadiario.com\/index.php\/wp-json\/wp\/v2\/types\/post"}],"author":[{"embeddable":true,"href":"https:\/\/www.actualidadadiario.com\/index.php\/wp-json\/wp\/v2\/users\/3"}],"replies":[{"embeddable":true,"href":"https:\/\/www.actualidadadiario.com\/index.php\/wp-json\/wp\/v2\/comments?post=58760"}],"version-history":[{"count":1,"href":"https:\/\/www.actualidadadiario.com\/index.php\/wp-json\/wp\/v2\/posts\/58760\/revisions"}],"predecessor-version":[{"id":58761,"href":"https:\/\/www.actualidadadiario.com\/index.php\/wp-json\/wp\/v2\/posts\/58760\/revisions\/58761"}],"wp:featuredmedia":[{"embeddable":true,"href":"https:\/\/www.actualidadadiario.com\/index.php\/wp-json\/wp\/v2\/media\/51330"}],"wp:attachment":[{"href":"https:\/\/www.actualidadadiario.com\/index.php\/wp-json\/wp\/v2\/media?parent=58760"}],"wp:term":[{"taxonomy":"category","embeddable":true,"href":"https:\/\/www.actualidadadiario.com\/index.php\/wp-json\/wp\/v2\/categories?post=58760"},{"taxonomy":"post_tag","embeddable":true,"href":"https:\/\/www.actualidadadiario.com\/index.php\/wp-json\/wp\/v2\/tags?post=58760"}],"curies":[{"name":"wp","href":"https:\/\/api.w.org\/{rel}","templated":true}]}}